{"id":89696,"date":"2024-12-04T23:04:35","date_gmt":"2024-12-04T22:04:35","guid":{"rendered":"https:\/\/sl.ambaguinee.org\/?p=89696"},"modified":"2024-12-04T23:04:35","modified_gmt":"2024-12-04T22:04:35","slug":"des-pogba-du-gala-de-charite-en-2019-aux-tribunaux-en-2024","status":"publish","type":"post","link":"https:\/\/sl.ambaguinee.org\/?p=89696","title":{"rendered":"Des Pogba du Gala de charit\u00e9 en 2019 aux tribunaux en 2024"},"content":{"rendered":"<div>\n<p>Quelle \u00e9volution dans les relations entre les fr\u00e8res Pogba ! Les ann\u00e9es passent, mais elles ne se ressemblent pas.<br \/>Si l\u2019on remonte \u00e0 d\u00e9cembre 2019, les fr\u00e8res Pogba organisaient un match de gala intitul\u00e9 <strong>\u00ab <a href=\"https:\/\/guineefoot.info\/48h-pour-la-guinee-en-france-les-freres-pogba-mobilises-pour-un-match-caritatif\/\" data-type=\"link\" data-id=\"https:\/\/guineefoot.info\/48h-pour-la-guinee-en-france-les-freres-pogba-mobilises-pour-un-match-caritatif\/\">48h pour la Guin\u00e9<\/a>e \u00bb<\/strong> \u00e0 Tours. Un \u00e9v\u00e9nement qui, en termes de marketing, semblait prometteur, notamment gr\u00e2ce \u00e0 l\u2019annonce de la participation de grandes stars comme Kylian Mbapp\u00e9, Antoine Griezmann et d\u2019autres. Cependant, la r\u00e9alit\u00e9 fut tout autre : une communication jug\u00e9e trompeuse par beaucoup, car les stars annonc\u00e9es \u00e9taient absentes. Le stade s\u2019\u00e9tait m\u00eame vid\u00e9 \u00e0 la mi-temps, les spectateurs d\u00e9\u00e7us par ce faux espoir. Malgr\u00e9 ce couac, les Pogba affichaient \u00e0 l\u2019\u00e9poque une image de famille unie et solidaire.<\/p>\n<p>Depuis, les r\u00e9seaux sociaux ont pris une place centrale dans nos vies, et les histoires familiales des Pogba ont commenc\u00e9 \u00e0 \u00e9clater au grand jour. Tandis que Paul Pogba devenait champion du monde et poursuivait une carri\u00e8re au plus haut niveau dans les grands clubs, Florentin d\u00e9fendait les couleurs de son pays natal, la Guin\u00e9e, tout en jouant plusieurs saisons \u00e0 Saint-\u00c9tienne. Mathias, quant \u00e0 lui, n\u2019a pas connu le m\u00eame succ\u00e8s. Avec une seule s\u00e9lection en \u00e9quipe nationale guin\u00e9enne, il n\u2019a jamais pu s\u2019imposer dans de grands clubs.<\/p>\n<p>En 2024, si Florentin reste discret, Mathias se retrouve, lui, sous les projecteurs\u2026 mais cette fois dans les tribunaux. Peut-on attribuer cette situation \u00e0 la diff\u00e9rence de r\u00e9ussite entre les fr\u00e8res ? Quelles pourraient \u00eatre les v\u00e9ritables raisons des attaques publiques de Mathias contre son petit fr\u00e8re Paul sur les r\u00e9seaux sociaux ?<\/p>\n<p>Rappelons-nous de l\u2019une de ses d\u00e9clarations retentissantes. S\u2019exprimant dans quatre langues (fran\u00e7ais, italien, anglais et espagnol), Mathias avait affirm\u00e9 que \u201cle monde entier m\u00e9rite de conna\u00eetre certaines choses, afin de d\u00e9cider en toute connaissance de cause si Paul Pogba m\u00e9rite vraiment l\u2019admiration, le respect, sa place en \u00e9quipe de France. Est-il une personne digne de confiance ? Peut-il \u00eatre un mod\u00e8le pour la jeunesse du monde, des quartiers populaires et des grandes marques ?\u201d<\/p>\n<p>Aujourd\u2019hui, Mathias risque une peine de <strong>trois ans de prison<\/strong>, dont <strong>un ferme<\/strong>, tandis que cinq autres pr\u00e9venus \u2014 des amis d\u2019enfance ou des connaissances de Paul Pogba \u2014 encourent jusqu\u2019\u00e0 <strong>huit ans de prison<\/strong>, des amendes pouvant atteindre <strong>20 000 euros<\/strong> et une interdiction de port d\u2019armes pour une dur\u00e9e de dix ans.<\/p>\n<figure class=\"wp-block-image size-large\"><img fetchpriority=\"high\" fetchpriority=\"high\" decoding=\"async\" width=\"1024\" height=\"546\"src=\"https:\/\/sl.ambaguinee.org\/wp-content\/uploads\/2024\/12\/Mathias-pogba-tribunal.jpg\" alt=\"\" class=\"wp-image-53847\" srcset=\"https:\/\/usercontent.one\/wp\/guineefoot.info\/wp-content\/uploads\/2024\/12\/Mathias-pogba-tribunal-1024x546.jpg 1024w, https:\/\/usercontent.one\/wp\/guineefoot.info\/wp-content\/uploads\/2024\/12\/Mathias-pogba-tribunal-300x160.jpg 300w, https:\/\/usercontent.one\/wp\/guineefoot.info\/wp-content\/uploads\/2024\/12\/Mathias-pogba-tribunal-768x410.jpg 768w, https:\/\/usercontent.one\/wp\/guineefoot.info\/wp-content\/uploads\/2024\/12\/Mathias-pogba-tribunal-600x320.jpg 600w, https:\/\/sl.ambaguinee.org\/wp-content\/uploads\/2024\/12\/Mathias-pogba-tribunal.jpg 1200w\" sizes=\"(max-width: 1024px) 100vw, 1024px\"><\/figure>\n<p>Cette affaire soul\u00e8ve une r\u00e9flexion : parfois, ni les fr\u00e8res, ni les amis d\u2019enfance ne restent fid\u00e8les lorsque leurs attentes ne sont pas combl\u00e9es.<\/p>\n<p>Enfin, une question demeure concernant le fameux gala de charit\u00e9 de 2019 : les personnes pr\u00e9sentes ce jour-l\u00e0 seraient sans doute curieuses de savoir ce qu\u2019il est advenu des fonds collect\u00e9s, cens\u00e9s \u00eatre destin\u00e9s aux enfants de Guin\u00e9e pour soutenir l\u2019\u00e9ducation et am\u00e9liorer l\u2019acc\u00e8s \u00e0 l\u2019eau potable.<\/p>\n<p><strong>Saidou DIALLO<br \/>Guineefoot Lille<\/strong><\/p>\n<\/div>\n","protected":false},"excerpt":{"rendered":"<p>Quelle \u00e9volution dans les relations entre les fr\u00e8res Pogba ! Les ann\u00e9es passent, mais elles ne se ressemblent pas.Si l\u2019on remonte \u00e0 d\u00e9cembre 2019, les fr\u00e8res Pogba organisaient un match de gala intitul\u00e9 \u00ab 48h pour la Guin\u00e9e \u00bb \u00e0 Tours. Un \u00e9v\u00e9nement qui, en termes de marketing, semblait prometteur, notamment gr\u00e2ce \u00e0 l\u2019annonce de &hellip;<\/p>\n","protected":false},"author":1,"featured_media":0,"comment_status":"closed","ping_status":"closed","sticky":false,"template":"","format":"standard","meta":{"footnotes":""},"categories":[4],"tags":[],"class_list":["post-89696","post","type-post","status-publish","format-standard","hentry","category-sports"],"yoast_head":"<!-- This site is optimized with the Yoast SEO plugin v21.0 - https:\/\/yoast.com\/wordpress\/plugins\/seo\/ -->\n<title>Des Pogba du Gala de charit\u00e9 en 2019 aux tribunaux en 2024 - Ambassade de Guin\u00e9e en Sierra L\u00e9one<\/title>\n<meta name=\"robots\" content=\"index, follow, max-snippet:-1, max-image-preview:large, max-video-preview:-1\" \/>\n<link rel=\"canonical\" href=\"https:\/\/sl.ambaguinee.org\/?p=89696\" \/>\n<meta property=\"og:locale\" content=\"fr_FR\" \/>\n<meta property=\"og:type\" content=\"article\" \/>\n<meta property=\"og:title\" content=\"Des Pogba du Gala de charit\u00e9 en 2019 aux tribunaux en 2024 - Ambassade de Guin\u00e9e en Sierra L\u00e9one\" \/>\n<meta property=\"og:description\" content=\"Quelle \u00e9volution dans les relations entre les fr\u00e8res Pogba ! Les ann\u00e9es passent, mais elles ne se ressemblent pas.Si l\u2019on remonte \u00e0 d\u00e9cembre 2019, les fr\u00e8res Pogba organisaient un match de gala intitul\u00e9 \u00ab 48h pour la Guin\u00e9e \u00bb \u00e0 Tours. Un \u00e9v\u00e9nement qui, en termes de marketing, semblait prometteur, notamment gr\u00e2ce \u00e0 l\u2019annonce de &hellip;\" \/>\n<meta property=\"og:url\" content=\"https:\/\/sl.ambaguinee.org\/?p=89696\" \/>\n<meta property=\"og:site_name\" content=\"Ambassade de Guin\u00e9e en Sierra L\u00e9one\" \/>\n<meta property=\"article:publisher\" content=\"https:\/\/www.facebook.com\/ambaguiparis\" \/>\n<meta property=\"article:published_time\" content=\"2024-12-04T22:04:35+00:00\" \/>\n<meta property=\"og:image\" content=\"https:\/\/sl.ambaguinee.org\/wp-content\/uploads\/2024\/12\/Mathias-pogba-tribunal.jpg\" \/>\n<meta name=\"author\" content=\"sl-wpressuser\" \/>\n<meta name=\"twitter:card\" content=\"summary_large_image\" \/>\n<meta name=\"twitter:creator\" content=\"@AmbaGnFrPtIl\" \/>\n<meta name=\"twitter:site\" content=\"@AmbaGnFrPtIl\" \/>\n<meta name=\"twitter:label1\" content=\"\u00c9crit par\" \/>\n\t<meta name=\"twitter:data1\" content=\"sl-wpressuser\" \/>\n\t<meta name=\"twitter:label2\" content=\"Dur\u00e9e de lecture estim\u00e9e\" \/>\n\t<meta name=\"twitter:data2\" content=\"3 minutes\" \/>\n<script type=\"application\/ld+json\" class=\"yoast-schema-graph\">{\"@context\":\"https:\/\/schema.org\",\"@graph\":[{\"@type\":\"Article\",\"@id\":\"https:\/\/sl.ambaguinee.org\/?p=89696#article\",\"isPartOf\":{\"@id\":\"https:\/\/sl.ambaguinee.org\/?p=89696\"},\"author\":{\"name\":\"sl-wpressuser\",\"@id\":\"https:\/\/sl.ambaguinee.org\/#\/schema\/person\/1146b0d060c263267a3d87e0264e433d\"},\"headline\":\"Des Pogba du Gala de charit\u00e9 en 2019 aux tribunaux en 2024\",\"datePublished\":\"2024-12-04T22:04:35+00:00\",\"dateModified\":\"2024-12-04T22:04:35+00:00\",\"mainEntityOfPage\":{\"@id\":\"https:\/\/sl.ambaguinee.org\/?p=89696\"},\"wordCount\":511,\"publisher\":{\"@id\":\"https:\/\/sl.ambaguinee.org\/#organization\"},\"articleSection\":[\"Sports\"],\"inLanguage\":\"fr-FR\"},{\"@type\":\"WebPage\",\"@id\":\"https:\/\/sl.ambaguinee.org\/?p=89696\",\"url\":\"https:\/\/sl.ambaguinee.org\/?p=89696\",\"name\":\"Des Pogba du Gala de charit\u00e9 en 2019 aux tribunaux en 2024 - Ambassade de Guin\u00e9e en Sierra L\u00e9one\",\"isPartOf\":{\"@id\":\"https:\/\/sl.ambaguinee.org\/#website\"},\"datePublished\":\"2024-12-04T22:04:35+00:00\",\"dateModified\":\"2024-12-04T22:04:35+00:00\",\"breadcrumb\":{\"@id\":\"https:\/\/sl.ambaguinee.org\/?p=89696#breadcrumb\"},\"inLanguage\":\"fr-FR\",\"potentialAction\":[{\"@type\":\"ReadAction\",\"target\":[\"https:\/\/sl.ambaguinee.org\/?p=89696\"]}]},{\"@type\":\"BreadcrumbList\",\"@id\":\"https:\/\/sl.ambaguinee.org\/?p=89696#breadcrumb\",\"itemListElement\":[{\"@type\":\"ListItem\",\"position\":1,\"name\":\"Accueil\",\"item\":\"https:\/\/sl.ambaguinee.org\/\"},{\"@type\":\"ListItem\",\"position\":2,\"name\":\"Des Pogba du Gala de charit\u00e9 en 2019 aux tribunaux en 2024\"}]},{\"@type\":\"WebSite\",\"@id\":\"https:\/\/sl.ambaguinee.org\/#website\",\"url\":\"https:\/\/sl.ambaguinee.org\/\",\"name\":\"Ambassade de Guin\u00e9e en Sierra L\u00e9one\",\"description\":\"Ambassade de Guin\u00e9e en Sierra L\u00e9one\",\"publisher\":{\"@id\":\"https:\/\/sl.ambaguinee.org\/#organization\"},\"potentialAction\":[{\"@type\":\"SearchAction\",\"target\":{\"@type\":\"EntryPoint\",\"urlTemplate\":\"https:\/\/sl.ambaguinee.org\/?s={search_term_string}\"},\"query-input\":\"required name=search_term_string\"}],\"inLanguage\":\"fr-FR\"},{\"@type\":\"Organization\",\"@id\":\"https:\/\/sl.ambaguinee.org\/#organization\",\"name\":\"Ambassade de la R\u00e9publique Guin\u00e9e en France\",\"url\":\"https:\/\/sl.ambaguinee.org\/\",\"logo\":{\"@type\":\"ImageObject\",\"inLanguage\":\"fr-FR\",\"@id\":\"https:\/\/sl.ambaguinee.org\/#\/schema\/logo\/image\/\",\"url\":\"https:\/\/sl.ambaguinee.org\/wp-content\/uploads\/2024\/06\/Logo-devise-Guinee-miniature.png\",\"contentUrl\":\"https:\/\/sl.ambaguinee.org\/wp-content\/uploads\/2024\/06\/Logo-devise-Guinee-miniature.png\",\"width\":170,\"height\":200,\"caption\":\"Ambassade de la R\u00e9publique Guin\u00e9e en France\"},\"image\":{\"@id\":\"https:\/\/sl.ambaguinee.org\/#\/schema\/logo\/image\/\"},\"sameAs\":[\"https:\/\/www.facebook.com\/ambaguiparis\",\"https:\/\/twitter.com\/AmbaGnFrPtIl\"]},{\"@type\":\"Person\",\"@id\":\"https:\/\/sl.ambaguinee.org\/#\/schema\/person\/1146b0d060c263267a3d87e0264e433d\",\"name\":\"sl-wpressuser\",\"image\":{\"@type\":\"ImageObject\",\"inLanguage\":\"fr-FR\",\"@id\":\"https:\/\/sl.ambaguinee.org\/#\/schema\/person\/image\/\",\"url\":\"https:\/\/secure.gravatar.com\/avatar\/8919cf3f42b825f8e35d147e4b19e946172e07fc82a728c3934e79f4238a76b3?s=96&d=mm&r=g\",\"contentUrl\":\"https:\/\/secure.gravatar.com\/avatar\/8919cf3f42b825f8e35d147e4b19e946172e07fc82a728c3934e79f4238a76b3?s=96&d=mm&r=g\",\"caption\":\"sl-wpressuser\"},\"sameAs\":[\"https:\/\/sl.ambaguinee.org\"],\"url\":\"https:\/\/sl.ambaguinee.org\/?author=1\"}]}<\/script>\n<!-- \/ Yoast SEO plugin. -->","yoast_head_json":{"title":"Des Pogba du Gala de charit\u00e9 en 2019 aux tribunaux en 2024 - Ambassade de Guin\u00e9e en Sierra L\u00e9one","robots":{"index":"index","follow":"follow","max-snippet":"max-snippet:-1","max-image-preview":"max-image-preview:large","max-video-preview":"max-video-preview:-1"},"canonical":"https:\/\/sl.ambaguinee.org\/?p=89696","og_locale":"fr_FR","og_type":"article","og_title":"Des Pogba du Gala de charit\u00e9 en 2019 aux tribunaux en 2024 - Ambassade de Guin\u00e9e en Sierra L\u00e9one","og_description":"Quelle \u00e9volution dans les relations entre les fr\u00e8res Pogba ! Les ann\u00e9es passent, mais elles ne se ressemblent pas.Si l\u2019on remonte \u00e0 d\u00e9cembre 2019, les fr\u00e8res Pogba organisaient un match de gala intitul\u00e9 \u00ab 48h pour la Guin\u00e9e \u00bb \u00e0 Tours. Un \u00e9v\u00e9nement qui, en termes de marketing, semblait prometteur, notamment gr\u00e2ce \u00e0 l\u2019annonce de &hellip;","og_url":"https:\/\/sl.ambaguinee.org\/?p=89696","og_site_name":"Ambassade de Guin\u00e9e en Sierra L\u00e9one","article_publisher":"https:\/\/www.facebook.com\/ambaguiparis","article_published_time":"2024-12-04T22:04:35+00:00","og_image":[{"url":"https:\/\/sl.ambaguinee.org\/wp-content\/uploads\/2024\/12\/Mathias-pogba-tribunal.jpg"}],"author":"sl-wpressuser","twitter_card":"summary_large_image","twitter_creator":"@AmbaGnFrPtIl","twitter_site":"@AmbaGnFrPtIl","twitter_misc":{"\u00c9crit par":"sl-wpressuser","Dur\u00e9e de lecture estim\u00e9e":"3 minutes"},"schema":{"@context":"https:\/\/schema.org","@graph":[{"@type":"Article","@id":"https:\/\/sl.ambaguinee.org\/?p=89696#article","isPartOf":{"@id":"https:\/\/sl.ambaguinee.org\/?p=89696"},"author":{"name":"sl-wpressuser","@id":"https:\/\/sl.ambaguinee.org\/#\/schema\/person\/1146b0d060c263267a3d87e0264e433d"},"headline":"Des Pogba du Gala de charit\u00e9 en 2019 aux tribunaux en 2024","datePublished":"2024-12-04T22:04:35+00:00","dateModified":"2024-12-04T22:04:35+00:00","mainEntityOfPage":{"@id":"https:\/\/sl.ambaguinee.org\/?p=89696"},"wordCount":511,"publisher":{"@id":"https:\/\/sl.ambaguinee.org\/#organization"},"articleSection":["Sports"],"inLanguage":"fr-FR"},{"@type":"WebPage","@id":"https:\/\/sl.ambaguinee.org\/?p=89696","url":"https:\/\/sl.ambaguinee.org\/?p=89696","name":"Des Pogba du Gala de charit\u00e9 en 2019 aux tribunaux en 2024 - Ambassade de Guin\u00e9e en Sierra L\u00e9one","isPartOf":{"@id":"https:\/\/sl.ambaguinee.org\/#website"},"datePublished":"2024-12-04T22:04:35+00:00","dateModified":"2024-12-04T22:04:35+00:00","breadcrumb":{"@id":"https:\/\/sl.ambaguinee.org\/?p=89696#breadcrumb"},"inLanguage":"fr-FR","potentialAction":[{"@type":"ReadAction","target":["https:\/\/sl.ambaguinee.org\/?p=89696"]}]},{"@type":"BreadcrumbList","@id":"https:\/\/sl.ambaguinee.org\/?p=89696#breadcrumb","itemListElement":[{"@type":"ListItem","position":1,"name":"Accueil","item":"https:\/\/sl.ambaguinee.org\/"},{"@type":"ListItem","position":2,"name":"Des Pogba du Gala de charit\u00e9 en 2019 aux tribunaux en 2024"}]},{"@type":"WebSite","@id":"https:\/\/sl.ambaguinee.org\/#website","url":"https:\/\/sl.ambaguinee.org\/","name":"Ambassade de Guin\u00e9e en Sierra L\u00e9one","description":"Ambassade de Guin\u00e9e en Sierra L\u00e9one","publisher":{"@id":"https:\/\/sl.ambaguinee.org\/#organization"},"potentialAction":[{"@type":"SearchAction","target":{"@type":"EntryPoint","urlTemplate":"https:\/\/sl.ambaguinee.org\/?s={search_term_string}"},"query-input":"required name=search_term_string"}],"inLanguage":"fr-FR"},{"@type":"Organization","@id":"https:\/\/sl.ambaguinee.org\/#organization","name":"Ambassade de la R\u00e9publique Guin\u00e9e en France","url":"https:\/\/sl.ambaguinee.org\/","logo":{"@type":"ImageObject","inLanguage":"fr-FR","@id":"https:\/\/sl.ambaguinee.org\/#\/schema\/logo\/image\/","url":"https:\/\/sl.ambaguinee.org\/wp-content\/uploads\/2024\/06\/Logo-devise-Guinee-miniature.png","contentUrl":"https:\/\/sl.ambaguinee.org\/wp-content\/uploads\/2024\/06\/Logo-devise-Guinee-miniature.png","width":170,"height":200,"caption":"Ambassade de la R\u00e9publique Guin\u00e9e en France"},"image":{"@id":"https:\/\/sl.ambaguinee.org\/#\/schema\/logo\/image\/"},"sameAs":["https:\/\/www.facebook.com\/ambaguiparis","https:\/\/twitter.com\/AmbaGnFrPtIl"]},{"@type":"Person","@id":"https:\/\/sl.ambaguinee.org\/#\/schema\/person\/1146b0d060c263267a3d87e0264e433d","name":"sl-wpressuser","image":{"@type":"ImageObject","inLanguage":"fr-FR","@id":"https:\/\/sl.ambaguinee.org\/#\/schema\/person\/image\/","url":"https:\/\/secure.gravatar.com\/avatar\/8919cf3f42b825f8e35d147e4b19e946172e07fc82a728c3934e79f4238a76b3?s=96&d=mm&r=g","contentUrl":"https:\/\/secure.gravatar.com\/avatar\/8919cf3f42b825f8e35d147e4b19e946172e07fc82a728c3934e79f4238a76b3?s=96&d=mm&r=g","caption":"sl-wpressuser"},"sameAs":["https:\/\/sl.ambaguinee.org"],"url":"https:\/\/sl.ambaguinee.org\/?author=1"}]}},"_links":{"self":[{"href":"https:\/\/sl.ambaguinee.org\/index.php?rest_route=\/wp\/v2\/posts\/89696","targetHints":{"allow":["GET"]}}],"collection":[{"href":"https:\/\/sl.ambaguinee.org\/index.php?rest_route=\/wp\/v2\/posts"}],"about":[{"href":"https:\/\/sl.ambaguinee.org\/index.php?rest_route=\/wp\/v2\/types\/post"}],"author":[{"embeddable":true,"href":"https:\/\/sl.ambaguinee.org\/index.php?rest_route=\/wp\/v2\/users\/1"}],"replies":[{"embeddable":true,"href":"https:\/\/sl.ambaguinee.org\/index.php?rest_route=%2Fwp%2Fv2%2Fcomments&post=89696"}],"version-history":[{"count":0,"href":"https:\/\/sl.ambaguinee.org\/index.php?rest_route=\/wp\/v2\/posts\/89696\/revisions"}],"wp:attachment":[{"href":"https:\/\/sl.ambaguinee.org\/index.php?rest_route=%2Fwp%2Fv2%2Fmedia&parent=89696"}],"wp:term":[{"taxonomy":"category","embeddable":true,"href":"https:\/\/sl.ambaguinee.org\/index.php?rest_route=%2Fwp%2Fv2%2Fcategories&post=89696"},{"taxonomy":"post_tag","embeddable":true,"href":"https:\/\/sl.ambaguinee.org\/index.php?rest_route=%2Fwp%2Fv2%2Ftags&post=89696"}],"curies":[{"name":"wp","href":"https:\/\/api.w.org\/{rel}","templated":true}]}}