{"id":84198,"date":"2024-09-22T23:01:53","date_gmt":"2024-09-22T21:01:53","guid":{"rendered":"https:\/\/sl.ambaguinee.org\/?p=84198"},"modified":"2024-09-22T23:01:53","modified_gmt":"2024-09-22T21:01:53","slug":"ligue-des-champions-triste-pour-le-milo-qui-ne-verra-pas-les-poules","status":"publish","type":"post","link":"https:\/\/sl.ambaguinee.org\/?p=84198","title":{"rendered":"Ligue des champions : triste pour le Milo, qui ne verra pas les poules"},"content":{"rendered":"<div>\n<p><strong>BAMAKO- Battu 2-0 par le stade d\u2019Abidjan au match Aller du deuxi\u00e8me tour pr\u00e9liminaire de Ligue des champions CAF, le Milo FC de Kankan r\u00eavait de remonter la pente et aller chercher le ticket pour la phase de groupes. Malheureusement, ce dimanche, \u00e0 Bamako, le trajet \u00e9tait tr\u00e8s haut pour le champion de Guin\u00e9e, qui voit son objectif s\u2019envoler. <\/strong><\/p>\n<p> Men\u00e9s 1-0 \u00e0 la pause par le Stade d\u2019Abidjan sur un but de Kor\u00e9 Saint-Jean (33\u00e8), les guin\u00e9ens avaient r\u00e9ussi \u00e0 renverser le score en seconde p\u00e9riode gr\u00e2ce \u00e0 des buts d\u2019Alhassane Bangoura (46\u00e8) et Seydouba Bangoura (55\u00e8). Malheureusement, cette victoire par 2 buts \u00e0 1 est insuffisante pour le Milo, battu 2-0 au match aller en Cote d\u2019Ivoire. Le champion de Guin\u00e9e est donc \u00e9limin\u00e9 au deuxi\u00e8me tour pr\u00e9liminaire de la Ligue des Champions de la CAF, et ne se qualifiera pas pour la premi\u00e8re fois en phase de poules. Dommage !<\/p>\n<p><strong>GUINEEFOOT<\/strong> <\/p>\n<\/div>\n","protected":false},"excerpt":{"rendered":"<p>BAMAKO- Battu 2-0 par le stade d\u2019Abidjan au match Aller du deuxi\u00e8me tour pr\u00e9liminaire de Ligue des champions CAF, le Milo FC de Kankan r\u00eavait de remonter la pente et aller chercher le ticket pour la phase de groupes. Malheureusement, ce dimanche, \u00e0 Bamako, le trajet \u00e9tait tr\u00e8s haut pour le champion de Guin\u00e9e, qui &hellip;<\/p>\n","protected":false},"author":1,"featured_media":0,"comment_status":"closed","ping_status":"closed","sticky":false,"template":"","format":"standard","meta":{"footnotes":""},"categories":[4],"tags":[],"class_list":["post-84198","post","type-post","status-publish","format-standard","hentry","category-sports"],"yoast_head":"<!-- This site is optimized with the Yoast SEO plugin v21.0 - https:\/\/yoast.com\/wordpress\/plugins\/seo\/ -->\n<title>Ligue des champions : triste pour le Milo, qui ne verra pas les poules - Ambassade de Guin\u00e9e en Sierra L\u00e9one<\/title>\n<meta name=\"robots\" content=\"index, follow, max-snippet:-1, max-image-preview:large, max-video-preview:-1\" \/>\n<link rel=\"canonical\" href=\"https:\/\/sl.ambaguinee.org\/?p=84198\" \/>\n<meta property=\"og:locale\" content=\"fr_FR\" \/>\n<meta property=\"og:type\" content=\"article\" \/>\n<meta property=\"og:title\" content=\"Ligue des champions : triste pour le Milo, qui ne verra pas les poules - Ambassade de Guin\u00e9e en Sierra L\u00e9one\" \/>\n<meta property=\"og:description\" content=\"BAMAKO- Battu 2-0 par le stade d\u2019Abidjan au match Aller du deuxi\u00e8me tour pr\u00e9liminaire de Ligue des champions CAF, le Milo FC de Kankan r\u00eavait de remonter la pente et aller chercher le ticket pour la phase de groupes. Malheureusement, ce dimanche, \u00e0 Bamako, le trajet \u00e9tait tr\u00e8s haut pour le champion de Guin\u00e9e, qui &hellip;\" \/>\n<meta property=\"og:url\" content=\"https:\/\/sl.ambaguinee.org\/?p=84198\" \/>\n<meta property=\"og:site_name\" content=\"Ambassade de Guin\u00e9e en Sierra L\u00e9one\" \/>\n<meta property=\"article:publisher\" content=\"https:\/\/www.facebook.com\/ambaguiparis\" \/>\n<meta property=\"article:published_time\" content=\"2024-09-22T21:01:53+00:00\" \/>\n<meta name=\"author\" content=\"sl-wpressuser\" \/>\n<meta name=\"twitter:card\" content=\"summary_large_image\" \/>\n<meta name=\"twitter:creator\" content=\"@AmbaGnFrPtIl\" \/>\n<meta name=\"twitter:site\" content=\"@AmbaGnFrPtIl\" \/>\n<meta name=\"twitter:label1\" content=\"\u00c9crit par\" \/>\n\t<meta name=\"twitter:data1\" content=\"sl-wpressuser\" \/>\n\t<meta name=\"twitter:label2\" content=\"Dur\u00e9e de lecture estim\u00e9e\" \/>\n\t<meta name=\"twitter:data2\" content=\"1 minute\" \/>\n<script type=\"application\/ld+json\" class=\"yoast-schema-graph\">{\"@context\":\"https:\/\/schema.org\",\"@graph\":[{\"@type\":\"Article\",\"@id\":\"https:\/\/sl.ambaguinee.org\/?p=84198#article\",\"isPartOf\":{\"@id\":\"https:\/\/sl.ambaguinee.org\/?p=84198\"},\"author\":{\"name\":\"sl-wpressuser\",\"@id\":\"https:\/\/sl.ambaguinee.org\/#\/schema\/person\/1146b0d060c263267a3d87e0264e433d\"},\"headline\":\"Ligue des champions : triste pour le Milo, qui ne verra pas les poules\",\"datePublished\":\"2024-09-22T21:01:53+00:00\",\"dateModified\":\"2024-09-22T21:01:53+00:00\",\"mainEntityOfPage\":{\"@id\":\"https:\/\/sl.ambaguinee.org\/?p=84198\"},\"wordCount\":174,\"publisher\":{\"@id\":\"https:\/\/sl.ambaguinee.org\/#organization\"},\"articleSection\":[\"Sports\"],\"inLanguage\":\"fr-FR\"},{\"@type\":\"WebPage\",\"@id\":\"https:\/\/sl.ambaguinee.org\/?p=84198\",\"url\":\"https:\/\/sl.ambaguinee.org\/?p=84198\",\"name\":\"Ligue des champions : triste pour le Milo, qui ne verra pas les poules - Ambassade de Guin\u00e9e en Sierra L\u00e9one\",\"isPartOf\":{\"@id\":\"https:\/\/sl.ambaguinee.org\/#website\"},\"datePublished\":\"2024-09-22T21:01:53+00:00\",\"dateModified\":\"2024-09-22T21:01:53+00:00\",\"breadcrumb\":{\"@id\":\"https:\/\/sl.ambaguinee.org\/?p=84198#breadcrumb\"},\"inLanguage\":\"fr-FR\",\"potentialAction\":[{\"@type\":\"ReadAction\",\"target\":[\"https:\/\/sl.ambaguinee.org\/?p=84198\"]}]},{\"@type\":\"BreadcrumbList\",\"@id\":\"https:\/\/sl.ambaguinee.org\/?p=84198#breadcrumb\",\"itemListElement\":[{\"@type\":\"ListItem\",\"position\":1,\"name\":\"Accueil\",\"item\":\"https:\/\/sl.ambaguinee.org\/\"},{\"@type\":\"ListItem\",\"position\":2,\"name\":\"Ligue des champions : triste pour le Milo, qui ne verra pas les poules\"}]},{\"@type\":\"WebSite\",\"@id\":\"https:\/\/sl.ambaguinee.org\/#website\",\"url\":\"https:\/\/sl.ambaguinee.org\/\",\"name\":\"Ambassade de Guin\u00e9e en Sierra L\u00e9one\",\"description\":\"Ambassade de Guin\u00e9e en Sierra L\u00e9one\",\"publisher\":{\"@id\":\"https:\/\/sl.ambaguinee.org\/#organization\"},\"potentialAction\":[{\"@type\":\"SearchAction\",\"target\":{\"@type\":\"EntryPoint\",\"urlTemplate\":\"https:\/\/sl.ambaguinee.org\/?s={search_term_string}\"},\"query-input\":\"required name=search_term_string\"}],\"inLanguage\":\"fr-FR\"},{\"@type\":\"Organization\",\"@id\":\"https:\/\/sl.ambaguinee.org\/#organization\",\"name\":\"Ambassade de la R\u00e9publique Guin\u00e9e en France\",\"url\":\"https:\/\/sl.ambaguinee.org\/\",\"logo\":{\"@type\":\"ImageObject\",\"inLanguage\":\"fr-FR\",\"@id\":\"https:\/\/sl.ambaguinee.org\/#\/schema\/logo\/image\/\",\"url\":\"https:\/\/sl.ambaguinee.org\/wp-content\/uploads\/2024\/06\/Logo-devise-Guinee-miniature.png\",\"contentUrl\":\"https:\/\/sl.ambaguinee.org\/wp-content\/uploads\/2024\/06\/Logo-devise-Guinee-miniature.png\",\"width\":170,\"height\":200,\"caption\":\"Ambassade de la R\u00e9publique Guin\u00e9e en France\"},\"image\":{\"@id\":\"https:\/\/sl.ambaguinee.org\/#\/schema\/logo\/image\/\"},\"sameAs\":[\"https:\/\/www.facebook.com\/ambaguiparis\",\"https:\/\/twitter.com\/AmbaGnFrPtIl\"]},{\"@type\":\"Person\",\"@id\":\"https:\/\/sl.ambaguinee.org\/#\/schema\/person\/1146b0d060c263267a3d87e0264e433d\",\"name\":\"sl-wpressuser\",\"image\":{\"@type\":\"ImageObject\",\"inLanguage\":\"fr-FR\",\"@id\":\"https:\/\/sl.ambaguinee.org\/#\/schema\/person\/image\/\",\"url\":\"https:\/\/secure.gravatar.com\/avatar\/8919cf3f42b825f8e35d147e4b19e946172e07fc82a728c3934e79f4238a76b3?s=96&d=mm&r=g\",\"contentUrl\":\"https:\/\/secure.gravatar.com\/avatar\/8919cf3f42b825f8e35d147e4b19e946172e07fc82a728c3934e79f4238a76b3?s=96&d=mm&r=g\",\"caption\":\"sl-wpressuser\"},\"sameAs\":[\"https:\/\/sl.ambaguinee.org\"],\"url\":\"https:\/\/sl.ambaguinee.org\/?author=1\"}]}<\/script>\n<!-- \/ Yoast SEO plugin. -->","yoast_head_json":{"title":"Ligue des champions : triste pour le Milo, qui ne verra pas les poules - Ambassade de Guin\u00e9e en Sierra L\u00e9one","robots":{"index":"index","follow":"follow","max-snippet":"max-snippet:-1","max-image-preview":"max-image-preview:large","max-video-preview":"max-video-preview:-1"},"canonical":"https:\/\/sl.ambaguinee.org\/?p=84198","og_locale":"fr_FR","og_type":"article","og_title":"Ligue des champions : triste pour le Milo, qui ne verra pas les poules - Ambassade de Guin\u00e9e en Sierra L\u00e9one","og_description":"BAMAKO- Battu 2-0 par le stade d\u2019Abidjan au match Aller du deuxi\u00e8me tour pr\u00e9liminaire de Ligue des champions CAF, le Milo FC de Kankan r\u00eavait de remonter la pente et aller chercher le ticket pour la phase de groupes. Malheureusement, ce dimanche, \u00e0 Bamako, le trajet \u00e9tait tr\u00e8s haut pour le champion de Guin\u00e9e, qui &hellip;","og_url":"https:\/\/sl.ambaguinee.org\/?p=84198","og_site_name":"Ambassade de Guin\u00e9e en Sierra L\u00e9one","article_publisher":"https:\/\/www.facebook.com\/ambaguiparis","article_published_time":"2024-09-22T21:01:53+00:00","author":"sl-wpressuser","twitter_card":"summary_large_image","twitter_creator":"@AmbaGnFrPtIl","twitter_site":"@AmbaGnFrPtIl","twitter_misc":{"\u00c9crit par":"sl-wpressuser","Dur\u00e9e de lecture estim\u00e9e":"1 minute"},"schema":{"@context":"https:\/\/schema.org","@graph":[{"@type":"Article","@id":"https:\/\/sl.ambaguinee.org\/?p=84198#article","isPartOf":{"@id":"https:\/\/sl.ambaguinee.org\/?p=84198"},"author":{"name":"sl-wpressuser","@id":"https:\/\/sl.ambaguinee.org\/#\/schema\/person\/1146b0d060c263267a3d87e0264e433d"},"headline":"Ligue des champions : triste pour le Milo, qui ne verra pas les poules","datePublished":"2024-09-22T21:01:53+00:00","dateModified":"2024-09-22T21:01:53+00:00","mainEntityOfPage":{"@id":"https:\/\/sl.ambaguinee.org\/?p=84198"},"wordCount":174,"publisher":{"@id":"https:\/\/sl.ambaguinee.org\/#organization"},"articleSection":["Sports"],"inLanguage":"fr-FR"},{"@type":"WebPage","@id":"https:\/\/sl.ambaguinee.org\/?p=84198","url":"https:\/\/sl.ambaguinee.org\/?p=84198","name":"Ligue des champions : triste pour le Milo, qui ne verra pas les poules - Ambassade de Guin\u00e9e en Sierra L\u00e9one","isPartOf":{"@id":"https:\/\/sl.ambaguinee.org\/#website"},"datePublished":"2024-09-22T21:01:53+00:00","dateModified":"2024-09-22T21:01:53+00:00","breadcrumb":{"@id":"https:\/\/sl.ambaguinee.org\/?p=84198#breadcrumb"},"inLanguage":"fr-FR","potentialAction":[{"@type":"ReadAction","target":["https:\/\/sl.ambaguinee.org\/?p=84198"]}]},{"@type":"BreadcrumbList","@id":"https:\/\/sl.ambaguinee.org\/?p=84198#breadcrumb","itemListElement":[{"@type":"ListItem","position":1,"name":"Accueil","item":"https:\/\/sl.ambaguinee.org\/"},{"@type":"ListItem","position":2,"name":"Ligue des champions : triste pour le Milo, qui ne verra pas les poules"}]},{"@type":"WebSite","@id":"https:\/\/sl.ambaguinee.org\/#website","url":"https:\/\/sl.ambaguinee.org\/","name":"Ambassade de Guin\u00e9e en Sierra L\u00e9one","description":"Ambassade de Guin\u00e9e en Sierra L\u00e9one","publisher":{"@id":"https:\/\/sl.ambaguinee.org\/#organization"},"potentialAction":[{"@type":"SearchAction","target":{"@type":"EntryPoint","urlTemplate":"https:\/\/sl.ambaguinee.org\/?s={search_term_string}"},"query-input":"required name=search_term_string"}],"inLanguage":"fr-FR"},{"@type":"Organization","@id":"https:\/\/sl.ambaguinee.org\/#organization","name":"Ambassade de la R\u00e9publique Guin\u00e9e en France","url":"https:\/\/sl.ambaguinee.org\/","logo":{"@type":"ImageObject","inLanguage":"fr-FR","@id":"https:\/\/sl.ambaguinee.org\/#\/schema\/logo\/image\/","url":"https:\/\/sl.ambaguinee.org\/wp-content\/uploads\/2024\/06\/Logo-devise-Guinee-miniature.png","contentUrl":"https:\/\/sl.ambaguinee.org\/wp-content\/uploads\/2024\/06\/Logo-devise-Guinee-miniature.png","width":170,"height":200,"caption":"Ambassade de la R\u00e9publique Guin\u00e9e en France"},"image":{"@id":"https:\/\/sl.ambaguinee.org\/#\/schema\/logo\/image\/"},"sameAs":["https:\/\/www.facebook.com\/ambaguiparis","https:\/\/twitter.com\/AmbaGnFrPtIl"]},{"@type":"Person","@id":"https:\/\/sl.ambaguinee.org\/#\/schema\/person\/1146b0d060c263267a3d87e0264e433d","name":"sl-wpressuser","image":{"@type":"ImageObject","inLanguage":"fr-FR","@id":"https:\/\/sl.ambaguinee.org\/#\/schema\/person\/image\/","url":"https:\/\/secure.gravatar.com\/avatar\/8919cf3f42b825f8e35d147e4b19e946172e07fc82a728c3934e79f4238a76b3?s=96&d=mm&r=g","contentUrl":"https:\/\/secure.gravatar.com\/avatar\/8919cf3f42b825f8e35d147e4b19e946172e07fc82a728c3934e79f4238a76b3?s=96&d=mm&r=g","caption":"sl-wpressuser"},"sameAs":["https:\/\/sl.ambaguinee.org"],"url":"https:\/\/sl.ambaguinee.org\/?author=1"}]}},"_links":{"self":[{"href":"https:\/\/sl.ambaguinee.org\/index.php?rest_route=\/wp\/v2\/posts\/84198","targetHints":{"allow":["GET"]}}],"collection":[{"href":"https:\/\/sl.ambaguinee.org\/index.php?rest_route=\/wp\/v2\/posts"}],"about":[{"href":"https:\/\/sl.ambaguinee.org\/index.php?rest_route=\/wp\/v2\/types\/post"}],"author":[{"embeddable":true,"href":"https:\/\/sl.ambaguinee.org\/index.php?rest_route=\/wp\/v2\/users\/1"}],"replies":[{"embeddable":true,"href":"https:\/\/sl.ambaguinee.org\/index.php?rest_route=%2Fwp%2Fv2%2Fcomments&post=84198"}],"version-history":[{"count":0,"href":"https:\/\/sl.ambaguinee.org\/index.php?rest_route=\/wp\/v2\/posts\/84198\/revisions"}],"wp:attachment":[{"href":"https:\/\/sl.ambaguinee.org\/index.php?rest_route=%2Fwp%2Fv2%2Fmedia&parent=84198"}],"wp:term":[{"taxonomy":"category","embeddable":true,"href":"https:\/\/sl.ambaguinee.org\/index.php?rest_route=%2Fwp%2Fv2%2Fcategories&post=84198"},{"taxonomy":"post_tag","embeddable":true,"href":"https:\/\/sl.ambaguinee.org\/index.php?rest_route=%2Fwp%2Fv2%2Ftags&post=84198"}],"curies":[{"name":"wp","href":"https:\/\/api.w.org\/{rel}","templated":true}]}}