{"id":84134,"date":"2024-09-21T23:01:13","date_gmt":"2024-09-21T21:01:13","guid":{"rendered":"https:\/\/sl.ambaguinee.org\/?p=84134"},"modified":"2024-09-21T23:01:13","modified_gmt":"2024-09-21T21:01:13","slug":"feindouno-titi-mansare-pour-le-gala-de-lindependance-a-kankan-2kd-nikoten-annonce-les-couleurs","status":"publish","type":"post","link":"https:\/\/sl.ambaguinee.org\/?p=84134","title":{"rendered":"Feindouno, Titi, Mansar\u00e9 pour le Gala de l\u2019ind\u00e9pendance \u00e0 Kankan : 2KD-NIKOTEN annonce les couleurs"},"content":{"rendered":"<div>\n<p><strong>CONAKRY- Le public sportif de Kankan sera g\u00e2t\u00e9 les 4 et 5 octobre prochains \u00e0 l\u2019occasion du match de gala de l\u2019ind\u00e9pendance qui opposera l\u2019\u00e9quipe d\u2019anciennes gloires du Syli National au Milo FC, club de Ligue 1 de football. Ce match de gala m\u00e9morable est organis\u00e9 par l\u2019\u00e9quipementier sportif guin\u00e9en 2KD-NIKOTEN, en pr\u00e9lude de la f\u00eate de l\u2019ind\u00e9pendance de la Guin\u00e9e, c\u00e9l\u00e9br\u00e9e chaque 2 Octobre.<\/strong> <\/p>\n<p>Avant cette rencontre qui verra notamment des l\u00e9gendes comme Titi Camara, Pascal Feindouno, Salam Sow, Fod\u00e9 Mansar\u00e9, ou encore Kamil Zayatte, les organisateurs ont annonc\u00e9 les couleurs ce samedi 21 septembre 2024 lors d\u2019une conf\u00e9rence de presse anim\u00e9e \u00e0 Conakry. Agir pour l\u2019unit\u00e9 nationale et la lutte contre les violences sexuelles en milieu sportif est le th\u00e8me retenu par les initiateurs. <\/p>\n<p>\u201c<em><strong>Nontre \u00e9quipementier cr\u00e9e en 2015, fait de la lutte contre les violences sexuelles, en collaboration avec le gouvernement et l\u2019UNFPA, l\u2019une de ses priorit\u00e9s. Notre objectif est d\u2019accompagner le football. Il y aura un carnaval g\u00e9ant, un mini-concert sur l\u2019unit\u00e9 nationale, un match de Gala, on fera \u00e9galement un don de vivres et de kits scolaires \u00e0 certains orphelinats. Toutes ces actions visent \u00e0 promouvoir l\u2019unit\u00e9 nationale et \u00e0 lutter contre toutes les violences sexuelles(. ..) Il y aura \u00e9galement un match de lev\u00e9e de rideau entre les deux \u00e9quipes f\u00e9minines de Kankan. Pour cette premi\u00e8re \u00e9dition, le match de Gala de l\u2019ind\u00e9pendance mobilisera 20 mille citoyens volontaires de Kankan, de Conakry et de partout \u00e0 travers la Guin\u00e9e\u201d <\/strong><\/em>a expliqu\u00e9 Kabinet Diawara, PDG 2KD-NIKOTEN. <\/p>\n<p>Mbaye Tour\u00e9, ancien manger g\u00e9n\u00e9ral de l\u2019AS Kaloum et ancien charg\u00e9 de com du Syli, a promis de s\u2019impliquer pour aider \u00e0 ce que la f\u00eate soit belle avec la pr\u00e9sence effective des anciennes gloires du Syli National de Guin\u00e9e. Kankan sera la capitale de la culture et du football en octobre, je m\u2019y impliquerai personnellement pour la r\u00e9ussite de cet \u00e9v\u00e9nement, promet-il.<\/p>\n<p>Ce match marquant le 66e anniversaire de l\u2019ind\u00e9pendance de la Guin\u00e9e, est une action citoyenne qui vise la promotion de la paix et le d\u00e9veloppement du football guin\u00e9en en g\u00e9n\u00e9ral, et celui de Kankan en particulier. L\u2019objectif aussi est de passer par ce match pour faire passer des messages visant \u00e0 sensibiliser la population sur la paix, l\u2019unit\u00e9 nationale, et sur les violences enregistr\u00e9es dans les milieux sportifs guin\u00e9ens. Le match aura lieu les 4 et 5 octobre prochains au stade M\u2019ballou Mady Diakit\u00e9 de Kankan. <\/p>\n<p><strong>Mohamed LAMINE TOUR\u00c9<\/strong><\/p>\n<\/div>\n","protected":false},"excerpt":{"rendered":"<p>CONAKRY- Le public sportif de Kankan sera g\u00e2t\u00e9 les 4 et 5 octobre prochains \u00e0 l\u2019occasion du match de gala de l\u2019ind\u00e9pendance qui opposera l\u2019\u00e9quipe d\u2019anciennes gloires du Syli National au Milo FC, club de Ligue 1 de football. Ce match de gala m\u00e9morable est organis\u00e9 par l\u2019\u00e9quipementier sportif guin\u00e9en 2KD-NIKOTEN, en pr\u00e9lude de la &hellip;<\/p>\n","protected":false},"author":1,"featured_media":0,"comment_status":"closed","ping_status":"closed","sticky":false,"template":"","format":"standard","meta":{"footnotes":""},"categories":[4],"tags":[],"class_list":["post-84134","post","type-post","status-publish","format-standard","hentry","category-sports"],"yoast_head":"<!-- This site is optimized with the Yoast SEO plugin v21.0 - https:\/\/yoast.com\/wordpress\/plugins\/seo\/ -->\n<title>Feindouno, Titi, Mansar\u00e9 pour le Gala de l\u2019ind\u00e9pendance \u00e0 Kankan : 2KD-NIKOTEN annonce les couleurs - Ambassade de Guin\u00e9e en Sierra L\u00e9one<\/title>\n<meta name=\"robots\" content=\"index, follow, max-snippet:-1, max-image-preview:large, max-video-preview:-1\" \/>\n<link rel=\"canonical\" href=\"https:\/\/sl.ambaguinee.org\/?p=84134\" \/>\n<meta property=\"og:locale\" content=\"fr_FR\" \/>\n<meta property=\"og:type\" content=\"article\" \/>\n<meta property=\"og:title\" content=\"Feindouno, Titi, Mansar\u00e9 pour le Gala de l\u2019ind\u00e9pendance \u00e0 Kankan : 2KD-NIKOTEN annonce les couleurs - Ambassade de Guin\u00e9e en Sierra L\u00e9one\" \/>\n<meta property=\"og:description\" content=\"CONAKRY- Le public sportif de Kankan sera g\u00e2t\u00e9 les 4 et 5 octobre prochains \u00e0 l\u2019occasion du match de gala de l\u2019ind\u00e9pendance qui opposera l\u2019\u00e9quipe d\u2019anciennes gloires du Syli National au Milo FC, club de Ligue 1 de football. Ce match de gala m\u00e9morable est organis\u00e9 par l\u2019\u00e9quipementier sportif guin\u00e9en 2KD-NIKOTEN, en pr\u00e9lude de la &hellip;\" \/>\n<meta property=\"og:url\" content=\"https:\/\/sl.ambaguinee.org\/?p=84134\" \/>\n<meta property=\"og:site_name\" content=\"Ambassade de Guin\u00e9e en Sierra L\u00e9one\" \/>\n<meta property=\"article:publisher\" content=\"https:\/\/www.facebook.com\/ambaguiparis\" \/>\n<meta property=\"article:published_time\" content=\"2024-09-21T21:01:13+00:00\" \/>\n<meta name=\"author\" content=\"sl-wpressuser\" \/>\n<meta name=\"twitter:card\" content=\"summary_large_image\" \/>\n<meta name=\"twitter:creator\" content=\"@AmbaGnFrPtIl\" \/>\n<meta name=\"twitter:site\" content=\"@AmbaGnFrPtIl\" \/>\n<meta name=\"twitter:label1\" content=\"\u00c9crit par\" \/>\n\t<meta name=\"twitter:data1\" content=\"sl-wpressuser\" \/>\n\t<meta name=\"twitter:label2\" content=\"Dur\u00e9e de lecture estim\u00e9e\" \/>\n\t<meta name=\"twitter:data2\" content=\"2 minutes\" \/>\n<script type=\"application\/ld+json\" class=\"yoast-schema-graph\">{\"@context\":\"https:\/\/schema.org\",\"@graph\":[{\"@type\":\"Article\",\"@id\":\"https:\/\/sl.ambaguinee.org\/?p=84134#article\",\"isPartOf\":{\"@id\":\"https:\/\/sl.ambaguinee.org\/?p=84134\"},\"author\":{\"name\":\"sl-wpressuser\",\"@id\":\"https:\/\/sl.ambaguinee.org\/#\/schema\/person\/1146b0d060c263267a3d87e0264e433d\"},\"headline\":\"Feindouno, Titi, Mansar\u00e9 pour le Gala de l\u2019ind\u00e9pendance \u00e0 Kankan : 2KD-NIKOTEN annonce les couleurs\",\"datePublished\":\"2024-09-21T21:01:13+00:00\",\"dateModified\":\"2024-09-21T21:01:13+00:00\",\"mainEntityOfPage\":{\"@id\":\"https:\/\/sl.ambaguinee.org\/?p=84134\"},\"wordCount\":458,\"publisher\":{\"@id\":\"https:\/\/sl.ambaguinee.org\/#organization\"},\"articleSection\":[\"Sports\"],\"inLanguage\":\"fr-FR\"},{\"@type\":\"WebPage\",\"@id\":\"https:\/\/sl.ambaguinee.org\/?p=84134\",\"url\":\"https:\/\/sl.ambaguinee.org\/?p=84134\",\"name\":\"Feindouno, Titi, Mansar\u00e9 pour le Gala de l\u2019ind\u00e9pendance \u00e0 Kankan : 2KD-NIKOTEN annonce les couleurs - Ambassade de Guin\u00e9e en Sierra L\u00e9one\",\"isPartOf\":{\"@id\":\"https:\/\/sl.ambaguinee.org\/#website\"},\"datePublished\":\"2024-09-21T21:01:13+00:00\",\"dateModified\":\"2024-09-21T21:01:13+00:00\",\"breadcrumb\":{\"@id\":\"https:\/\/sl.ambaguinee.org\/?p=84134#breadcrumb\"},\"inLanguage\":\"fr-FR\",\"potentialAction\":[{\"@type\":\"ReadAction\",\"target\":[\"https:\/\/sl.ambaguinee.org\/?p=84134\"]}]},{\"@type\":\"BreadcrumbList\",\"@id\":\"https:\/\/sl.ambaguinee.org\/?p=84134#breadcrumb\",\"itemListElement\":[{\"@type\":\"ListItem\",\"position\":1,\"name\":\"Accueil\",\"item\":\"https:\/\/sl.ambaguinee.org\/\"},{\"@type\":\"ListItem\",\"position\":2,\"name\":\"Feindouno, Titi, Mansar\u00e9 pour le Gala de l\u2019ind\u00e9pendance \u00e0 Kankan : 2KD-NIKOTEN annonce les couleurs\"}]},{\"@type\":\"WebSite\",\"@id\":\"https:\/\/sl.ambaguinee.org\/#website\",\"url\":\"https:\/\/sl.ambaguinee.org\/\",\"name\":\"Ambassade de Guin\u00e9e en Sierra L\u00e9one\",\"description\":\"Ambassade de Guin\u00e9e en Sierra L\u00e9one\",\"publisher\":{\"@id\":\"https:\/\/sl.ambaguinee.org\/#organization\"},\"potentialAction\":[{\"@type\":\"SearchAction\",\"target\":{\"@type\":\"EntryPoint\",\"urlTemplate\":\"https:\/\/sl.ambaguinee.org\/?s={search_term_string}\"},\"query-input\":\"required name=search_term_string\"}],\"inLanguage\":\"fr-FR\"},{\"@type\":\"Organization\",\"@id\":\"https:\/\/sl.ambaguinee.org\/#organization\",\"name\":\"Ambassade de la R\u00e9publique Guin\u00e9e en France\",\"url\":\"https:\/\/sl.ambaguinee.org\/\",\"logo\":{\"@type\":\"ImageObject\",\"inLanguage\":\"fr-FR\",\"@id\":\"https:\/\/sl.ambaguinee.org\/#\/schema\/logo\/image\/\",\"url\":\"https:\/\/sl.ambaguinee.org\/wp-content\/uploads\/2024\/06\/Logo-devise-Guinee-miniature.png\",\"contentUrl\":\"https:\/\/sl.ambaguinee.org\/wp-content\/uploads\/2024\/06\/Logo-devise-Guinee-miniature.png\",\"width\":170,\"height\":200,\"caption\":\"Ambassade de la R\u00e9publique Guin\u00e9e en France\"},\"image\":{\"@id\":\"https:\/\/sl.ambaguinee.org\/#\/schema\/logo\/image\/\"},\"sameAs\":[\"https:\/\/www.facebook.com\/ambaguiparis\",\"https:\/\/twitter.com\/AmbaGnFrPtIl\"]},{\"@type\":\"Person\",\"@id\":\"https:\/\/sl.ambaguinee.org\/#\/schema\/person\/1146b0d060c263267a3d87e0264e433d\",\"name\":\"sl-wpressuser\",\"image\":{\"@type\":\"ImageObject\",\"inLanguage\":\"fr-FR\",\"@id\":\"https:\/\/sl.ambaguinee.org\/#\/schema\/person\/image\/\",\"url\":\"https:\/\/secure.gravatar.com\/avatar\/8919cf3f42b825f8e35d147e4b19e946172e07fc82a728c3934e79f4238a76b3?s=96&d=mm&r=g\",\"contentUrl\":\"https:\/\/secure.gravatar.com\/avatar\/8919cf3f42b825f8e35d147e4b19e946172e07fc82a728c3934e79f4238a76b3?s=96&d=mm&r=g\",\"caption\":\"sl-wpressuser\"},\"sameAs\":[\"https:\/\/sl.ambaguinee.org\"],\"url\":\"https:\/\/sl.ambaguinee.org\/?author=1\"}]}<\/script>\n<!-- \/ Yoast SEO plugin. -->","yoast_head_json":{"title":"Feindouno, Titi, Mansar\u00e9 pour le Gala de l\u2019ind\u00e9pendance \u00e0 Kankan : 2KD-NIKOTEN annonce les couleurs - Ambassade de Guin\u00e9e en Sierra L\u00e9one","robots":{"index":"index","follow":"follow","max-snippet":"max-snippet:-1","max-image-preview":"max-image-preview:large","max-video-preview":"max-video-preview:-1"},"canonical":"https:\/\/sl.ambaguinee.org\/?p=84134","og_locale":"fr_FR","og_type":"article","og_title":"Feindouno, Titi, Mansar\u00e9 pour le Gala de l\u2019ind\u00e9pendance \u00e0 Kankan : 2KD-NIKOTEN annonce les couleurs - Ambassade de Guin\u00e9e en Sierra L\u00e9one","og_description":"CONAKRY- Le public sportif de Kankan sera g\u00e2t\u00e9 les 4 et 5 octobre prochains \u00e0 l\u2019occasion du match de gala de l\u2019ind\u00e9pendance qui opposera l\u2019\u00e9quipe d\u2019anciennes gloires du Syli National au Milo FC, club de Ligue 1 de football. Ce match de gala m\u00e9morable est organis\u00e9 par l\u2019\u00e9quipementier sportif guin\u00e9en 2KD-NIKOTEN, en pr\u00e9lude de la &hellip;","og_url":"https:\/\/sl.ambaguinee.org\/?p=84134","og_site_name":"Ambassade de Guin\u00e9e en Sierra L\u00e9one","article_publisher":"https:\/\/www.facebook.com\/ambaguiparis","article_published_time":"2024-09-21T21:01:13+00:00","author":"sl-wpressuser","twitter_card":"summary_large_image","twitter_creator":"@AmbaGnFrPtIl","twitter_site":"@AmbaGnFrPtIl","twitter_misc":{"\u00c9crit par":"sl-wpressuser","Dur\u00e9e de lecture estim\u00e9e":"2 minutes"},"schema":{"@context":"https:\/\/schema.org","@graph":[{"@type":"Article","@id":"https:\/\/sl.ambaguinee.org\/?p=84134#article","isPartOf":{"@id":"https:\/\/sl.ambaguinee.org\/?p=84134"},"author":{"name":"sl-wpressuser","@id":"https:\/\/sl.ambaguinee.org\/#\/schema\/person\/1146b0d060c263267a3d87e0264e433d"},"headline":"Feindouno, Titi, Mansar\u00e9 pour le Gala de l\u2019ind\u00e9pendance \u00e0 Kankan : 2KD-NIKOTEN annonce les couleurs","datePublished":"2024-09-21T21:01:13+00:00","dateModified":"2024-09-21T21:01:13+00:00","mainEntityOfPage":{"@id":"https:\/\/sl.ambaguinee.org\/?p=84134"},"wordCount":458,"publisher":{"@id":"https:\/\/sl.ambaguinee.org\/#organization"},"articleSection":["Sports"],"inLanguage":"fr-FR"},{"@type":"WebPage","@id":"https:\/\/sl.ambaguinee.org\/?p=84134","url":"https:\/\/sl.ambaguinee.org\/?p=84134","name":"Feindouno, Titi, Mansar\u00e9 pour le Gala de l\u2019ind\u00e9pendance \u00e0 Kankan : 2KD-NIKOTEN annonce les couleurs - Ambassade de Guin\u00e9e en Sierra L\u00e9one","isPartOf":{"@id":"https:\/\/sl.ambaguinee.org\/#website"},"datePublished":"2024-09-21T21:01:13+00:00","dateModified":"2024-09-21T21:01:13+00:00","breadcrumb":{"@id":"https:\/\/sl.ambaguinee.org\/?p=84134#breadcrumb"},"inLanguage":"fr-FR","potentialAction":[{"@type":"ReadAction","target":["https:\/\/sl.ambaguinee.org\/?p=84134"]}]},{"@type":"BreadcrumbList","@id":"https:\/\/sl.ambaguinee.org\/?p=84134#breadcrumb","itemListElement":[{"@type":"ListItem","position":1,"name":"Accueil","item":"https:\/\/sl.ambaguinee.org\/"},{"@type":"ListItem","position":2,"name":"Feindouno, Titi, Mansar\u00e9 pour le Gala de l\u2019ind\u00e9pendance \u00e0 Kankan : 2KD-NIKOTEN annonce les couleurs"}]},{"@type":"WebSite","@id":"https:\/\/sl.ambaguinee.org\/#website","url":"https:\/\/sl.ambaguinee.org\/","name":"Ambassade de Guin\u00e9e en Sierra L\u00e9one","description":"Ambassade de Guin\u00e9e en Sierra L\u00e9one","publisher":{"@id":"https:\/\/sl.ambaguinee.org\/#organization"},"potentialAction":[{"@type":"SearchAction","target":{"@type":"EntryPoint","urlTemplate":"https:\/\/sl.ambaguinee.org\/?s={search_term_string}"},"query-input":"required name=search_term_string"}],"inLanguage":"fr-FR"},{"@type":"Organization","@id":"https:\/\/sl.ambaguinee.org\/#organization","name":"Ambassade de la R\u00e9publique Guin\u00e9e en France","url":"https:\/\/sl.ambaguinee.org\/","logo":{"@type":"ImageObject","inLanguage":"fr-FR","@id":"https:\/\/sl.ambaguinee.org\/#\/schema\/logo\/image\/","url":"https:\/\/sl.ambaguinee.org\/wp-content\/uploads\/2024\/06\/Logo-devise-Guinee-miniature.png","contentUrl":"https:\/\/sl.ambaguinee.org\/wp-content\/uploads\/2024\/06\/Logo-devise-Guinee-miniature.png","width":170,"height":200,"caption":"Ambassade de la R\u00e9publique Guin\u00e9e en France"},"image":{"@id":"https:\/\/sl.ambaguinee.org\/#\/schema\/logo\/image\/"},"sameAs":["https:\/\/www.facebook.com\/ambaguiparis","https:\/\/twitter.com\/AmbaGnFrPtIl"]},{"@type":"Person","@id":"https:\/\/sl.ambaguinee.org\/#\/schema\/person\/1146b0d060c263267a3d87e0264e433d","name":"sl-wpressuser","image":{"@type":"ImageObject","inLanguage":"fr-FR","@id":"https:\/\/sl.ambaguinee.org\/#\/schema\/person\/image\/","url":"https:\/\/secure.gravatar.com\/avatar\/8919cf3f42b825f8e35d147e4b19e946172e07fc82a728c3934e79f4238a76b3?s=96&d=mm&r=g","contentUrl":"https:\/\/secure.gravatar.com\/avatar\/8919cf3f42b825f8e35d147e4b19e946172e07fc82a728c3934e79f4238a76b3?s=96&d=mm&r=g","caption":"sl-wpressuser"},"sameAs":["https:\/\/sl.ambaguinee.org"],"url":"https:\/\/sl.ambaguinee.org\/?author=1"}]}},"_links":{"self":[{"href":"https:\/\/sl.ambaguinee.org\/index.php?rest_route=\/wp\/v2\/posts\/84134","targetHints":{"allow":["GET"]}}],"collection":[{"href":"https:\/\/sl.ambaguinee.org\/index.php?rest_route=\/wp\/v2\/posts"}],"about":[{"href":"https:\/\/sl.ambaguinee.org\/index.php?rest_route=\/wp\/v2\/types\/post"}],"author":[{"embeddable":true,"href":"https:\/\/sl.ambaguinee.org\/index.php?rest_route=\/wp\/v2\/users\/1"}],"replies":[{"embeddable":true,"href":"https:\/\/sl.ambaguinee.org\/index.php?rest_route=%2Fwp%2Fv2%2Fcomments&post=84134"}],"version-history":[{"count":0,"href":"https:\/\/sl.ambaguinee.org\/index.php?rest_route=\/wp\/v2\/posts\/84134\/revisions"}],"wp:attachment":[{"href":"https:\/\/sl.ambaguinee.org\/index.php?rest_route=%2Fwp%2Fv2%2Fmedia&parent=84134"}],"wp:term":[{"taxonomy":"category","embeddable":true,"href":"https:\/\/sl.ambaguinee.org\/index.php?rest_route=%2Fwp%2Fv2%2Fcategories&post=84134"},{"taxonomy":"post_tag","embeddable":true,"href":"https:\/\/sl.ambaguinee.org\/index.php?rest_route=%2Fwp%2Fv2%2Ftags&post=84134"}],"curies":[{"name":"wp","href":"https:\/\/api.w.org\/{rel}","templated":true}]}}