{"id":79385,"date":"2024-07-12T23:03:47","date_gmt":"2024-07-12T21:03:47","guid":{"rendered":"https:\/\/sl.ambaguinee.org\/?p=79385"},"modified":"2024-07-12T23:03:47","modified_gmt":"2024-07-12T21:03:47","slug":"flash-syli-u-23-lequipe-a-entame-sa-preparation-en-france","status":"publish","type":"post","link":"https:\/\/sl.ambaguinee.org\/?p=79385","title":{"rendered":"Flash Syli U-23 : l\u2019\u00e9quipe a entam\u00e9 sa pr\u00e9paration en France"},"content":{"rendered":"<div>\n<p><strong>NORMANDIE- Le staff du Syli U-23 conduit par le s\u00e9lectionneur national Kaba DIAWARA a dirig\u00e9 la premi\u00e8re s\u00e9ance d\u2019entra\u00eenement de l\u2019\u00e9quipe qui se pr\u00e9pare pour les Jeux Olympiques de Paris<\/strong> <strong>2024<\/strong>. <\/p>\n<p>Au grand complet, l\u2019\u00e9quipe s\u2019est entra\u00een\u00e9e ce vendredi matin \u00e0 Deauville en Normandie. Les sourires et l\u2019engagement se lisaient sur les diff\u00e9rents visages des joueurs, notamment du renfort Naby Keita, qui fera office de capitaine de cette s\u00e9lection Olympique aux JO de Paris. Le premier match Syli U23 aura lieu le 24 juillet contre la Nouvelle-Z\u00e9lande, le 27 juillet contre la France et le 30 juillet face aux \u00c9tats-Unis. <\/p>\n<figure class=\"wp-block-image size-full\"><img fetchpriority=\"high\" fetchpriority=\"high\" decoding=\"async\" width=\"960\" height=\"640\"src=\"https:\/\/sl.ambaguinee.org\/wp-content\/uploads\/2024\/07\/FB_IMG_1720801496077.jpg\" alt=\"\" class=\"wp-image-52005\" srcset=\"https:\/\/sl.ambaguinee.org\/wp-content\/uploads\/2024\/07\/FB_IMG_1720801496077.jpg 960w, https:\/\/usercontent.one\/wp\/guineefoot.info\/wp-content\/uploads\/2024\/07\/FB_IMG_1720801496077-300x200.jpg 300w, https:\/\/usercontent.one\/wp\/guineefoot.info\/wp-content\/uploads\/2024\/07\/FB_IMG_1720801496077-768x512.jpg 768w, https:\/\/usercontent.one\/wp\/guineefoot.info\/wp-content\/uploads\/2024\/07\/FB_IMG_1720801496077-600x400.jpg 600w\" sizes=\"(max-width: 960px) 100vw, 960px\"><\/figure>\n<p><strong>ALPHA DIALLO<\/strong><\/p>\n<\/div>\n","protected":false},"excerpt":{"rendered":"<p>NORMANDIE- Le staff du Syli U-23 conduit par le s\u00e9lectionneur national Kaba DIAWARA a dirig\u00e9 la premi\u00e8re s\u00e9ance d\u2019entra\u00eenement de l\u2019\u00e9quipe qui se pr\u00e9pare pour les Jeux Olympiques de Paris 2024. Au grand complet, l\u2019\u00e9quipe s\u2019est entra\u00een\u00e9e ce vendredi matin \u00e0 Deauville en Normandie. Les sourires et l\u2019engagement se lisaient sur les diff\u00e9rents visages des &hellip;<\/p>\n","protected":false},"author":1,"featured_media":0,"comment_status":"closed","ping_status":"closed","sticky":false,"template":"","format":"standard","meta":{"footnotes":""},"categories":[4],"tags":[],"class_list":["post-79385","post","type-post","status-publish","format-standard","hentry","category-sports"],"yoast_head":"<!-- This site is optimized with the Yoast SEO plugin v21.0 - https:\/\/yoast.com\/wordpress\/plugins\/seo\/ -->\n<title>Flash Syli U-23 : l\u2019\u00e9quipe a entam\u00e9 sa pr\u00e9paration en France - Ambassade de Guin\u00e9e en Sierra L\u00e9one<\/title>\n<meta name=\"robots\" content=\"index, follow, max-snippet:-1, max-image-preview:large, max-video-preview:-1\" \/>\n<link rel=\"canonical\" href=\"https:\/\/sl.ambaguinee.org\/?p=79385\" \/>\n<meta property=\"og:locale\" content=\"fr_FR\" \/>\n<meta property=\"og:type\" content=\"article\" \/>\n<meta property=\"og:title\" content=\"Flash Syli U-23 : l\u2019\u00e9quipe a entam\u00e9 sa pr\u00e9paration en France - Ambassade de Guin\u00e9e en Sierra L\u00e9one\" \/>\n<meta property=\"og:description\" content=\"NORMANDIE- Le staff du Syli U-23 conduit par le s\u00e9lectionneur national Kaba DIAWARA a dirig\u00e9 la premi\u00e8re s\u00e9ance d\u2019entra\u00eenement de l\u2019\u00e9quipe qui se pr\u00e9pare pour les Jeux Olympiques de Paris 2024. Au grand complet, l\u2019\u00e9quipe s\u2019est entra\u00een\u00e9e ce vendredi matin \u00e0 Deauville en Normandie. Les sourires et l\u2019engagement se lisaient sur les diff\u00e9rents visages des &hellip;\" \/>\n<meta property=\"og:url\" content=\"https:\/\/sl.ambaguinee.org\/?p=79385\" \/>\n<meta property=\"og:site_name\" content=\"Ambassade de Guin\u00e9e en Sierra L\u00e9one\" \/>\n<meta property=\"article:publisher\" content=\"https:\/\/www.facebook.com\/ambaguiparis\" \/>\n<meta property=\"article:published_time\" content=\"2024-07-12T21:03:47+00:00\" \/>\n<meta property=\"og:image\" content=\"https:\/\/sl.ambaguinee.org\/wp-content\/uploads\/2024\/07\/FB_IMG_1720801496077.jpg\" \/>\n<meta name=\"author\" content=\"sl-wpressuser\" \/>\n<meta name=\"twitter:card\" content=\"summary_large_image\" \/>\n<meta name=\"twitter:creator\" content=\"@AmbaGnFrPtIl\" \/>\n<meta name=\"twitter:site\" content=\"@AmbaGnFrPtIl\" \/>\n<meta name=\"twitter:label1\" content=\"\u00c9crit par\" \/>\n\t<meta name=\"twitter:data1\" content=\"sl-wpressuser\" \/>\n\t<meta name=\"twitter:label2\" content=\"Dur\u00e9e de lecture estim\u00e9e\" \/>\n\t<meta name=\"twitter:data2\" content=\"1 minute\" \/>\n<script type=\"application\/ld+json\" class=\"yoast-schema-graph\">{\"@context\":\"https:\/\/schema.org\",\"@graph\":[{\"@type\":\"Article\",\"@id\":\"https:\/\/sl.ambaguinee.org\/?p=79385#article\",\"isPartOf\":{\"@id\":\"https:\/\/sl.ambaguinee.org\/?p=79385\"},\"author\":{\"name\":\"sl-wpressuser\",\"@id\":\"https:\/\/sl.ambaguinee.org\/#\/schema\/person\/1146b0d060c263267a3d87e0264e433d\"},\"headline\":\"Flash Syli U-23 : l\u2019\u00e9quipe a entam\u00e9 sa pr\u00e9paration en France\",\"datePublished\":\"2024-07-12T21:03:47+00:00\",\"dateModified\":\"2024-07-12T21:03:47+00:00\",\"mainEntityOfPage\":{\"@id\":\"https:\/\/sl.ambaguinee.org\/?p=79385\"},\"wordCount\":124,\"publisher\":{\"@id\":\"https:\/\/sl.ambaguinee.org\/#organization\"},\"articleSection\":[\"Sports\"],\"inLanguage\":\"fr-FR\"},{\"@type\":\"WebPage\",\"@id\":\"https:\/\/sl.ambaguinee.org\/?p=79385\",\"url\":\"https:\/\/sl.ambaguinee.org\/?p=79385\",\"name\":\"Flash Syli U-23 : l\u2019\u00e9quipe a entam\u00e9 sa pr\u00e9paration en France - Ambassade de Guin\u00e9e en Sierra L\u00e9one\",\"isPartOf\":{\"@id\":\"https:\/\/sl.ambaguinee.org\/#website\"},\"datePublished\":\"2024-07-12T21:03:47+00:00\",\"dateModified\":\"2024-07-12T21:03:47+00:00\",\"breadcrumb\":{\"@id\":\"https:\/\/sl.ambaguinee.org\/?p=79385#breadcrumb\"},\"inLanguage\":\"fr-FR\",\"potentialAction\":[{\"@type\":\"ReadAction\",\"target\":[\"https:\/\/sl.ambaguinee.org\/?p=79385\"]}]},{\"@type\":\"BreadcrumbList\",\"@id\":\"https:\/\/sl.ambaguinee.org\/?p=79385#breadcrumb\",\"itemListElement\":[{\"@type\":\"ListItem\",\"position\":1,\"name\":\"Accueil\",\"item\":\"https:\/\/sl.ambaguinee.org\/\"},{\"@type\":\"ListItem\",\"position\":2,\"name\":\"Flash Syli U-23 : l\u2019\u00e9quipe a entam\u00e9 sa pr\u00e9paration en France\"}]},{\"@type\":\"WebSite\",\"@id\":\"https:\/\/sl.ambaguinee.org\/#website\",\"url\":\"https:\/\/sl.ambaguinee.org\/\",\"name\":\"Ambassade de Guin\u00e9e en Sierra L\u00e9one\",\"description\":\"Ambassade de Guin\u00e9e en Sierra L\u00e9one\",\"publisher\":{\"@id\":\"https:\/\/sl.ambaguinee.org\/#organization\"},\"potentialAction\":[{\"@type\":\"SearchAction\",\"target\":{\"@type\":\"EntryPoint\",\"urlTemplate\":\"https:\/\/sl.ambaguinee.org\/?s={search_term_string}\"},\"query-input\":\"required name=search_term_string\"}],\"inLanguage\":\"fr-FR\"},{\"@type\":\"Organization\",\"@id\":\"https:\/\/sl.ambaguinee.org\/#organization\",\"name\":\"Ambassade de la R\u00e9publique Guin\u00e9e en France\",\"url\":\"https:\/\/sl.ambaguinee.org\/\",\"logo\":{\"@type\":\"ImageObject\",\"inLanguage\":\"fr-FR\",\"@id\":\"https:\/\/sl.ambaguinee.org\/#\/schema\/logo\/image\/\",\"url\":\"https:\/\/sl.ambaguinee.org\/wp-content\/uploads\/2024\/06\/Logo-devise-Guinee-miniature.png\",\"contentUrl\":\"https:\/\/sl.ambaguinee.org\/wp-content\/uploads\/2024\/06\/Logo-devise-Guinee-miniature.png\",\"width\":170,\"height\":200,\"caption\":\"Ambassade de la R\u00e9publique Guin\u00e9e en France\"},\"image\":{\"@id\":\"https:\/\/sl.ambaguinee.org\/#\/schema\/logo\/image\/\"},\"sameAs\":[\"https:\/\/www.facebook.com\/ambaguiparis\",\"https:\/\/twitter.com\/AmbaGnFrPtIl\"]},{\"@type\":\"Person\",\"@id\":\"https:\/\/sl.ambaguinee.org\/#\/schema\/person\/1146b0d060c263267a3d87e0264e433d\",\"name\":\"sl-wpressuser\",\"image\":{\"@type\":\"ImageObject\",\"inLanguage\":\"fr-FR\",\"@id\":\"https:\/\/sl.ambaguinee.org\/#\/schema\/person\/image\/\",\"url\":\"https:\/\/secure.gravatar.com\/avatar\/8919cf3f42b825f8e35d147e4b19e946172e07fc82a728c3934e79f4238a76b3?s=96&d=mm&r=g\",\"contentUrl\":\"https:\/\/secure.gravatar.com\/avatar\/8919cf3f42b825f8e35d147e4b19e946172e07fc82a728c3934e79f4238a76b3?s=96&d=mm&r=g\",\"caption\":\"sl-wpressuser\"},\"sameAs\":[\"https:\/\/sl.ambaguinee.org\"],\"url\":\"https:\/\/sl.ambaguinee.org\/?author=1\"}]}<\/script>\n<!-- \/ Yoast SEO plugin. -->","yoast_head_json":{"title":"Flash Syli U-23 : l\u2019\u00e9quipe a entam\u00e9 sa pr\u00e9paration en France - Ambassade de Guin\u00e9e en Sierra L\u00e9one","robots":{"index":"index","follow":"follow","max-snippet":"max-snippet:-1","max-image-preview":"max-image-preview:large","max-video-preview":"max-video-preview:-1"},"canonical":"https:\/\/sl.ambaguinee.org\/?p=79385","og_locale":"fr_FR","og_type":"article","og_title":"Flash Syli U-23 : l\u2019\u00e9quipe a entam\u00e9 sa pr\u00e9paration en France - Ambassade de Guin\u00e9e en Sierra L\u00e9one","og_description":"NORMANDIE- Le staff du Syli U-23 conduit par le s\u00e9lectionneur national Kaba DIAWARA a dirig\u00e9 la premi\u00e8re s\u00e9ance d\u2019entra\u00eenement de l\u2019\u00e9quipe qui se pr\u00e9pare pour les Jeux Olympiques de Paris 2024. Au grand complet, l\u2019\u00e9quipe s\u2019est entra\u00een\u00e9e ce vendredi matin \u00e0 Deauville en Normandie. Les sourires et l\u2019engagement se lisaient sur les diff\u00e9rents visages des &hellip;","og_url":"https:\/\/sl.ambaguinee.org\/?p=79385","og_site_name":"Ambassade de Guin\u00e9e en Sierra L\u00e9one","article_publisher":"https:\/\/www.facebook.com\/ambaguiparis","article_published_time":"2024-07-12T21:03:47+00:00","og_image":[{"url":"https:\/\/sl.ambaguinee.org\/wp-content\/uploads\/2024\/07\/FB_IMG_1720801496077.jpg"}],"author":"sl-wpressuser","twitter_card":"summary_large_image","twitter_creator":"@AmbaGnFrPtIl","twitter_site":"@AmbaGnFrPtIl","twitter_misc":{"\u00c9crit par":"sl-wpressuser","Dur\u00e9e de lecture estim\u00e9e":"1 minute"},"schema":{"@context":"https:\/\/schema.org","@graph":[{"@type":"Article","@id":"https:\/\/sl.ambaguinee.org\/?p=79385#article","isPartOf":{"@id":"https:\/\/sl.ambaguinee.org\/?p=79385"},"author":{"name":"sl-wpressuser","@id":"https:\/\/sl.ambaguinee.org\/#\/schema\/person\/1146b0d060c263267a3d87e0264e433d"},"headline":"Flash Syli U-23 : l\u2019\u00e9quipe a entam\u00e9 sa pr\u00e9paration en France","datePublished":"2024-07-12T21:03:47+00:00","dateModified":"2024-07-12T21:03:47+00:00","mainEntityOfPage":{"@id":"https:\/\/sl.ambaguinee.org\/?p=79385"},"wordCount":124,"publisher":{"@id":"https:\/\/sl.ambaguinee.org\/#organization"},"articleSection":["Sports"],"inLanguage":"fr-FR"},{"@type":"WebPage","@id":"https:\/\/sl.ambaguinee.org\/?p=79385","url":"https:\/\/sl.ambaguinee.org\/?p=79385","name":"Flash Syli U-23 : l\u2019\u00e9quipe a entam\u00e9 sa pr\u00e9paration en France - Ambassade de Guin\u00e9e en Sierra L\u00e9one","isPartOf":{"@id":"https:\/\/sl.ambaguinee.org\/#website"},"datePublished":"2024-07-12T21:03:47+00:00","dateModified":"2024-07-12T21:03:47+00:00","breadcrumb":{"@id":"https:\/\/sl.ambaguinee.org\/?p=79385#breadcrumb"},"inLanguage":"fr-FR","potentialAction":[{"@type":"ReadAction","target":["https:\/\/sl.ambaguinee.org\/?p=79385"]}]},{"@type":"BreadcrumbList","@id":"https:\/\/sl.ambaguinee.org\/?p=79385#breadcrumb","itemListElement":[{"@type":"ListItem","position":1,"name":"Accueil","item":"https:\/\/sl.ambaguinee.org\/"},{"@type":"ListItem","position":2,"name":"Flash Syli U-23 : l\u2019\u00e9quipe a entam\u00e9 sa pr\u00e9paration en France"}]},{"@type":"WebSite","@id":"https:\/\/sl.ambaguinee.org\/#website","url":"https:\/\/sl.ambaguinee.org\/","name":"Ambassade de Guin\u00e9e en Sierra L\u00e9one","description":"Ambassade de Guin\u00e9e en Sierra L\u00e9one","publisher":{"@id":"https:\/\/sl.ambaguinee.org\/#organization"},"potentialAction":[{"@type":"SearchAction","target":{"@type":"EntryPoint","urlTemplate":"https:\/\/sl.ambaguinee.org\/?s={search_term_string}"},"query-input":"required name=search_term_string"}],"inLanguage":"fr-FR"},{"@type":"Organization","@id":"https:\/\/sl.ambaguinee.org\/#organization","name":"Ambassade de la R\u00e9publique Guin\u00e9e en France","url":"https:\/\/sl.ambaguinee.org\/","logo":{"@type":"ImageObject","inLanguage":"fr-FR","@id":"https:\/\/sl.ambaguinee.org\/#\/schema\/logo\/image\/","url":"https:\/\/sl.ambaguinee.org\/wp-content\/uploads\/2024\/06\/Logo-devise-Guinee-miniature.png","contentUrl":"https:\/\/sl.ambaguinee.org\/wp-content\/uploads\/2024\/06\/Logo-devise-Guinee-miniature.png","width":170,"height":200,"caption":"Ambassade de la R\u00e9publique Guin\u00e9e en France"},"image":{"@id":"https:\/\/sl.ambaguinee.org\/#\/schema\/logo\/image\/"},"sameAs":["https:\/\/www.facebook.com\/ambaguiparis","https:\/\/twitter.com\/AmbaGnFrPtIl"]},{"@type":"Person","@id":"https:\/\/sl.ambaguinee.org\/#\/schema\/person\/1146b0d060c263267a3d87e0264e433d","name":"sl-wpressuser","image":{"@type":"ImageObject","inLanguage":"fr-FR","@id":"https:\/\/sl.ambaguinee.org\/#\/schema\/person\/image\/","url":"https:\/\/secure.gravatar.com\/avatar\/8919cf3f42b825f8e35d147e4b19e946172e07fc82a728c3934e79f4238a76b3?s=96&d=mm&r=g","contentUrl":"https:\/\/secure.gravatar.com\/avatar\/8919cf3f42b825f8e35d147e4b19e946172e07fc82a728c3934e79f4238a76b3?s=96&d=mm&r=g","caption":"sl-wpressuser"},"sameAs":["https:\/\/sl.ambaguinee.org"],"url":"https:\/\/sl.ambaguinee.org\/?author=1"}]}},"_links":{"self":[{"href":"https:\/\/sl.ambaguinee.org\/index.php?rest_route=\/wp\/v2\/posts\/79385","targetHints":{"allow":["GET"]}}],"collection":[{"href":"https:\/\/sl.ambaguinee.org\/index.php?rest_route=\/wp\/v2\/posts"}],"about":[{"href":"https:\/\/sl.ambaguinee.org\/index.php?rest_route=\/wp\/v2\/types\/post"}],"author":[{"embeddable":true,"href":"https:\/\/sl.ambaguinee.org\/index.php?rest_route=\/wp\/v2\/users\/1"}],"replies":[{"embeddable":true,"href":"https:\/\/sl.ambaguinee.org\/index.php?rest_route=%2Fwp%2Fv2%2Fcomments&post=79385"}],"version-history":[{"count":0,"href":"https:\/\/sl.ambaguinee.org\/index.php?rest_route=\/wp\/v2\/posts\/79385\/revisions"}],"wp:attachment":[{"href":"https:\/\/sl.ambaguinee.org\/index.php?rest_route=%2Fwp%2Fv2%2Fmedia&parent=79385"}],"wp:term":[{"taxonomy":"category","embeddable":true,"href":"https:\/\/sl.ambaguinee.org\/index.php?rest_route=%2Fwp%2Fv2%2Fcategories&post=79385"},{"taxonomy":"post_tag","embeddable":true,"href":"https:\/\/sl.ambaguinee.org\/index.php?rest_route=%2Fwp%2Fv2%2Ftags&post=79385"}],"curies":[{"name":"wp","href":"https:\/\/api.w.org\/{rel}","templated":true}]}}