{"id":79310,"date":"2024-07-11T23:04:51","date_gmt":"2024-07-11T21:04:51","guid":{"rendered":"https:\/\/sl.ambaguinee.org\/?p=79310"},"modified":"2024-07-11T23:04:51","modified_gmt":"2024-07-11T21:04:51","slug":"feguifoot-visite-a-conakry-du-vice-president-de-la-caf","status":"publish","type":"post","link":"https:\/\/sl.ambaguinee.org\/?p=79310","title":{"rendered":"F\u00e9guifoot : visite \u00e0 Conakry du Vice-pr\u00e9sident de la CAF"},"content":{"rendered":"<div>\n<p><strong>CONAKRY- En visite d\u2019amiti\u00e9 \u00e0 Conakry, Souleiman Hassan Waberi, Vice-pr\u00e9sident de la Conf\u00e9d\u00e9ration Africaine de Football (CAF), a \u00e9t\u00e9 re\u00e7u ce jeudi 11 juillet 2024 par le Pr\u00e9sident de la F\u00e9d\u00e9ration Guin\u00e9enne de Football Aboubacar Sampil.<\/strong><\/p>\n<p>La rencontre s\u2019est tenue au si\u00e8ge de la F\u00e9guifoot en pr\u00e9sence du Ministre de la Jeunesse et des Sports, K\u00e9amou Bogola Haba, Sory Doumbouya, vice-pr\u00e9sident de la f\u00e9d\u00e9ration en charge du football des jeunes, et de Virginie Tour\u00e9, membre du Comit\u00e9 Ex\u00e9cutif de la FGF. Souleiman Hassan Waberi a exprim\u00e9 sa gratitude envers le Pr\u00e9sident de la F\u00e9d\u00e9ration et le Ministre de la Jeunesse et des Sports pour leur hospitalit\u00e9 et leur accueil chaleureux. Il s\u2019est dit heureux de s\u00e9journer en Guin\u00e9e.<\/p>\n<p>En compagnie de Bogola Haba et de Bouba Sampil, Hassan Waberi a \u00e9galement visit\u00e9 les stades du 28 septembre et celui du G\u00e9n\u00e9ral Lansana Cont\u00e9 de Nongo, o\u00f9 des travaux de r\u00e9novation sont engag\u00e9s depuis des mois et sont toujours en cours d\u2019ex\u00e9cution.<\/p>\n<figure class=\"wp-block-image size-full\"><img fetchpriority=\"high\" fetchpriority=\"high\" decoding=\"async\" width=\"768\" height=\"512\"src=\"https:\/\/sl.ambaguinee.org\/wp-content\/uploads\/2024\/07\/0K8A9292-768x512-1.jpg\" alt=\"\" class=\"wp-image-51989\" srcset=\"https:\/\/sl.ambaguinee.org\/wp-content\/uploads\/2024\/07\/0K8A9292-768x512-1.jpg 768w, https:\/\/usercontent.one\/wp\/guineefoot.info\/wp-content\/uploads\/2024\/07\/0K8A9292-768x512-1-300x200.jpg 300w, https:\/\/usercontent.one\/wp\/guineefoot.info\/wp-content\/uploads\/2024\/07\/0K8A9292-768x512-1-600x400.jpg 600w\" sizes=\"(max-width: 768px) 100vw, 768px\"><\/figure>\n<p><strong>FEGUIFOOT<\/strong> <\/p>\n<\/div>\n","protected":false},"excerpt":{"rendered":"<p>CONAKRY- En visite d\u2019amiti\u00e9 \u00e0 Conakry, Souleiman Hassan Waberi, Vice-pr\u00e9sident de la Conf\u00e9d\u00e9ration Africaine de Football (CAF), a \u00e9t\u00e9 re\u00e7u ce jeudi 11 juillet 2024 par le Pr\u00e9sident de la F\u00e9d\u00e9ration Guin\u00e9enne de Football Aboubacar Sampil. La rencontre s\u2019est tenue au si\u00e8ge de la F\u00e9guifoot en pr\u00e9sence du Ministre de la Jeunesse et des Sports, &hellip;<\/p>\n","protected":false},"author":1,"featured_media":0,"comment_status":"closed","ping_status":"closed","sticky":false,"template":"","format":"standard","meta":{"footnotes":""},"categories":[4],"tags":[],"class_list":["post-79310","post","type-post","status-publish","format-standard","hentry","category-sports"],"yoast_head":"<!-- This site is optimized with the Yoast SEO plugin v21.0 - https:\/\/yoast.com\/wordpress\/plugins\/seo\/ -->\n<title>F\u00e9guifoot : visite \u00e0 Conakry du Vice-pr\u00e9sident de la CAF - Ambassade de Guin\u00e9e en Sierra L\u00e9one<\/title>\n<meta name=\"robots\" content=\"index, follow, max-snippet:-1, max-image-preview:large, max-video-preview:-1\" \/>\n<link rel=\"canonical\" href=\"https:\/\/sl.ambaguinee.org\/?p=79310\" \/>\n<meta property=\"og:locale\" content=\"fr_FR\" \/>\n<meta property=\"og:type\" content=\"article\" \/>\n<meta property=\"og:title\" content=\"F\u00e9guifoot : visite \u00e0 Conakry du Vice-pr\u00e9sident de la CAF - Ambassade de Guin\u00e9e en Sierra L\u00e9one\" \/>\n<meta property=\"og:description\" content=\"CONAKRY- En visite d\u2019amiti\u00e9 \u00e0 Conakry, Souleiman Hassan Waberi, Vice-pr\u00e9sident de la Conf\u00e9d\u00e9ration Africaine de Football (CAF), a \u00e9t\u00e9 re\u00e7u ce jeudi 11 juillet 2024 par le Pr\u00e9sident de la F\u00e9d\u00e9ration Guin\u00e9enne de Football Aboubacar Sampil. La rencontre s\u2019est tenue au si\u00e8ge de la F\u00e9guifoot en pr\u00e9sence du Ministre de la Jeunesse et des Sports, &hellip;\" \/>\n<meta property=\"og:url\" content=\"https:\/\/sl.ambaguinee.org\/?p=79310\" \/>\n<meta property=\"og:site_name\" content=\"Ambassade de Guin\u00e9e en Sierra L\u00e9one\" \/>\n<meta property=\"article:publisher\" content=\"https:\/\/www.facebook.com\/ambaguiparis\" \/>\n<meta property=\"article:published_time\" content=\"2024-07-11T21:04:51+00:00\" \/>\n<meta property=\"og:image\" content=\"https:\/\/sl.ambaguinee.org\/wp-content\/uploads\/2024\/07\/0K8A9292-768x512-1.jpg\" \/>\n<meta name=\"author\" content=\"sl-wpressuser\" \/>\n<meta name=\"twitter:card\" content=\"summary_large_image\" \/>\n<meta name=\"twitter:creator\" content=\"@AmbaGnFrPtIl\" \/>\n<meta name=\"twitter:site\" content=\"@AmbaGnFrPtIl\" \/>\n<meta name=\"twitter:label1\" content=\"\u00c9crit par\" \/>\n\t<meta name=\"twitter:data1\" content=\"sl-wpressuser\" \/>\n\t<meta name=\"twitter:label2\" content=\"Dur\u00e9e de lecture estim\u00e9e\" \/>\n\t<meta name=\"twitter:data2\" content=\"1 minute\" \/>\n<script type=\"application\/ld+json\" class=\"yoast-schema-graph\">{\"@context\":\"https:\/\/schema.org\",\"@graph\":[{\"@type\":\"Article\",\"@id\":\"https:\/\/sl.ambaguinee.org\/?p=79310#article\",\"isPartOf\":{\"@id\":\"https:\/\/sl.ambaguinee.org\/?p=79310\"},\"author\":{\"name\":\"sl-wpressuser\",\"@id\":\"https:\/\/sl.ambaguinee.org\/#\/schema\/person\/1146b0d060c263267a3d87e0264e433d\"},\"headline\":\"F\u00e9guifoot : visite \u00e0 Conakry du Vice-pr\u00e9sident de la CAF\",\"datePublished\":\"2024-07-11T21:04:51+00:00\",\"dateModified\":\"2024-07-11T21:04:51+00:00\",\"mainEntityOfPage\":{\"@id\":\"https:\/\/sl.ambaguinee.org\/?p=79310\"},\"wordCount\":198,\"publisher\":{\"@id\":\"https:\/\/sl.ambaguinee.org\/#organization\"},\"articleSection\":[\"Sports\"],\"inLanguage\":\"fr-FR\"},{\"@type\":\"WebPage\",\"@id\":\"https:\/\/sl.ambaguinee.org\/?p=79310\",\"url\":\"https:\/\/sl.ambaguinee.org\/?p=79310\",\"name\":\"F\u00e9guifoot : visite \u00e0 Conakry du Vice-pr\u00e9sident de la CAF - Ambassade de Guin\u00e9e en Sierra L\u00e9one\",\"isPartOf\":{\"@id\":\"https:\/\/sl.ambaguinee.org\/#website\"},\"datePublished\":\"2024-07-11T21:04:51+00:00\",\"dateModified\":\"2024-07-11T21:04:51+00:00\",\"breadcrumb\":{\"@id\":\"https:\/\/sl.ambaguinee.org\/?p=79310#breadcrumb\"},\"inLanguage\":\"fr-FR\",\"potentialAction\":[{\"@type\":\"ReadAction\",\"target\":[\"https:\/\/sl.ambaguinee.org\/?p=79310\"]}]},{\"@type\":\"BreadcrumbList\",\"@id\":\"https:\/\/sl.ambaguinee.org\/?p=79310#breadcrumb\",\"itemListElement\":[{\"@type\":\"ListItem\",\"position\":1,\"name\":\"Accueil\",\"item\":\"https:\/\/sl.ambaguinee.org\/\"},{\"@type\":\"ListItem\",\"position\":2,\"name\":\"F\u00e9guifoot : visite \u00e0 Conakry du Vice-pr\u00e9sident de la CAF\"}]},{\"@type\":\"WebSite\",\"@id\":\"https:\/\/sl.ambaguinee.org\/#website\",\"url\":\"https:\/\/sl.ambaguinee.org\/\",\"name\":\"Ambassade de Guin\u00e9e en Sierra L\u00e9one\",\"description\":\"Ambassade de Guin\u00e9e en Sierra L\u00e9one\",\"publisher\":{\"@id\":\"https:\/\/sl.ambaguinee.org\/#organization\"},\"potentialAction\":[{\"@type\":\"SearchAction\",\"target\":{\"@type\":\"EntryPoint\",\"urlTemplate\":\"https:\/\/sl.ambaguinee.org\/?s={search_term_string}\"},\"query-input\":\"required name=search_term_string\"}],\"inLanguage\":\"fr-FR\"},{\"@type\":\"Organization\",\"@id\":\"https:\/\/sl.ambaguinee.org\/#organization\",\"name\":\"Ambassade de la R\u00e9publique Guin\u00e9e en France\",\"url\":\"https:\/\/sl.ambaguinee.org\/\",\"logo\":{\"@type\":\"ImageObject\",\"inLanguage\":\"fr-FR\",\"@id\":\"https:\/\/sl.ambaguinee.org\/#\/schema\/logo\/image\/\",\"url\":\"https:\/\/sl.ambaguinee.org\/wp-content\/uploads\/2024\/06\/Logo-devise-Guinee-miniature.png\",\"contentUrl\":\"https:\/\/sl.ambaguinee.org\/wp-content\/uploads\/2024\/06\/Logo-devise-Guinee-miniature.png\",\"width\":170,\"height\":200,\"caption\":\"Ambassade de la R\u00e9publique Guin\u00e9e en France\"},\"image\":{\"@id\":\"https:\/\/sl.ambaguinee.org\/#\/schema\/logo\/image\/\"},\"sameAs\":[\"https:\/\/www.facebook.com\/ambaguiparis\",\"https:\/\/twitter.com\/AmbaGnFrPtIl\"]},{\"@type\":\"Person\",\"@id\":\"https:\/\/sl.ambaguinee.org\/#\/schema\/person\/1146b0d060c263267a3d87e0264e433d\",\"name\":\"sl-wpressuser\",\"image\":{\"@type\":\"ImageObject\",\"inLanguage\":\"fr-FR\",\"@id\":\"https:\/\/sl.ambaguinee.org\/#\/schema\/person\/image\/\",\"url\":\"https:\/\/secure.gravatar.com\/avatar\/8919cf3f42b825f8e35d147e4b19e946172e07fc82a728c3934e79f4238a76b3?s=96&d=mm&r=g\",\"contentUrl\":\"https:\/\/secure.gravatar.com\/avatar\/8919cf3f42b825f8e35d147e4b19e946172e07fc82a728c3934e79f4238a76b3?s=96&d=mm&r=g\",\"caption\":\"sl-wpressuser\"},\"sameAs\":[\"https:\/\/sl.ambaguinee.org\"],\"url\":\"https:\/\/sl.ambaguinee.org\/?author=1\"}]}<\/script>\n<!-- \/ Yoast SEO plugin. -->","yoast_head_json":{"title":"F\u00e9guifoot : visite \u00e0 Conakry du Vice-pr\u00e9sident de la CAF - Ambassade de Guin\u00e9e en Sierra L\u00e9one","robots":{"index":"index","follow":"follow","max-snippet":"max-snippet:-1","max-image-preview":"max-image-preview:large","max-video-preview":"max-video-preview:-1"},"canonical":"https:\/\/sl.ambaguinee.org\/?p=79310","og_locale":"fr_FR","og_type":"article","og_title":"F\u00e9guifoot : visite \u00e0 Conakry du Vice-pr\u00e9sident de la CAF - Ambassade de Guin\u00e9e en Sierra L\u00e9one","og_description":"CONAKRY- En visite d\u2019amiti\u00e9 \u00e0 Conakry, Souleiman Hassan Waberi, Vice-pr\u00e9sident de la Conf\u00e9d\u00e9ration Africaine de Football (CAF), a \u00e9t\u00e9 re\u00e7u ce jeudi 11 juillet 2024 par le Pr\u00e9sident de la F\u00e9d\u00e9ration Guin\u00e9enne de Football Aboubacar Sampil. La rencontre s\u2019est tenue au si\u00e8ge de la F\u00e9guifoot en pr\u00e9sence du Ministre de la Jeunesse et des Sports, &hellip;","og_url":"https:\/\/sl.ambaguinee.org\/?p=79310","og_site_name":"Ambassade de Guin\u00e9e en Sierra L\u00e9one","article_publisher":"https:\/\/www.facebook.com\/ambaguiparis","article_published_time":"2024-07-11T21:04:51+00:00","og_image":[{"url":"https:\/\/sl.ambaguinee.org\/wp-content\/uploads\/2024\/07\/0K8A9292-768x512-1.jpg"}],"author":"sl-wpressuser","twitter_card":"summary_large_image","twitter_creator":"@AmbaGnFrPtIl","twitter_site":"@AmbaGnFrPtIl","twitter_misc":{"\u00c9crit par":"sl-wpressuser","Dur\u00e9e de lecture estim\u00e9e":"1 minute"},"schema":{"@context":"https:\/\/schema.org","@graph":[{"@type":"Article","@id":"https:\/\/sl.ambaguinee.org\/?p=79310#article","isPartOf":{"@id":"https:\/\/sl.ambaguinee.org\/?p=79310"},"author":{"name":"sl-wpressuser","@id":"https:\/\/sl.ambaguinee.org\/#\/schema\/person\/1146b0d060c263267a3d87e0264e433d"},"headline":"F\u00e9guifoot : visite \u00e0 Conakry du Vice-pr\u00e9sident de la CAF","datePublished":"2024-07-11T21:04:51+00:00","dateModified":"2024-07-11T21:04:51+00:00","mainEntityOfPage":{"@id":"https:\/\/sl.ambaguinee.org\/?p=79310"},"wordCount":198,"publisher":{"@id":"https:\/\/sl.ambaguinee.org\/#organization"},"articleSection":["Sports"],"inLanguage":"fr-FR"},{"@type":"WebPage","@id":"https:\/\/sl.ambaguinee.org\/?p=79310","url":"https:\/\/sl.ambaguinee.org\/?p=79310","name":"F\u00e9guifoot : visite \u00e0 Conakry du Vice-pr\u00e9sident de la CAF - Ambassade de Guin\u00e9e en Sierra L\u00e9one","isPartOf":{"@id":"https:\/\/sl.ambaguinee.org\/#website"},"datePublished":"2024-07-11T21:04:51+00:00","dateModified":"2024-07-11T21:04:51+00:00","breadcrumb":{"@id":"https:\/\/sl.ambaguinee.org\/?p=79310#breadcrumb"},"inLanguage":"fr-FR","potentialAction":[{"@type":"ReadAction","target":["https:\/\/sl.ambaguinee.org\/?p=79310"]}]},{"@type":"BreadcrumbList","@id":"https:\/\/sl.ambaguinee.org\/?p=79310#breadcrumb","itemListElement":[{"@type":"ListItem","position":1,"name":"Accueil","item":"https:\/\/sl.ambaguinee.org\/"},{"@type":"ListItem","position":2,"name":"F\u00e9guifoot : visite \u00e0 Conakry du Vice-pr\u00e9sident de la CAF"}]},{"@type":"WebSite","@id":"https:\/\/sl.ambaguinee.org\/#website","url":"https:\/\/sl.ambaguinee.org\/","name":"Ambassade de Guin\u00e9e en Sierra L\u00e9one","description":"Ambassade de Guin\u00e9e en Sierra L\u00e9one","publisher":{"@id":"https:\/\/sl.ambaguinee.org\/#organization"},"potentialAction":[{"@type":"SearchAction","target":{"@type":"EntryPoint","urlTemplate":"https:\/\/sl.ambaguinee.org\/?s={search_term_string}"},"query-input":"required name=search_term_string"}],"inLanguage":"fr-FR"},{"@type":"Organization","@id":"https:\/\/sl.ambaguinee.org\/#organization","name":"Ambassade de la R\u00e9publique Guin\u00e9e en France","url":"https:\/\/sl.ambaguinee.org\/","logo":{"@type":"ImageObject","inLanguage":"fr-FR","@id":"https:\/\/sl.ambaguinee.org\/#\/schema\/logo\/image\/","url":"https:\/\/sl.ambaguinee.org\/wp-content\/uploads\/2024\/06\/Logo-devise-Guinee-miniature.png","contentUrl":"https:\/\/sl.ambaguinee.org\/wp-content\/uploads\/2024\/06\/Logo-devise-Guinee-miniature.png","width":170,"height":200,"caption":"Ambassade de la R\u00e9publique Guin\u00e9e en France"},"image":{"@id":"https:\/\/sl.ambaguinee.org\/#\/schema\/logo\/image\/"},"sameAs":["https:\/\/www.facebook.com\/ambaguiparis","https:\/\/twitter.com\/AmbaGnFrPtIl"]},{"@type":"Person","@id":"https:\/\/sl.ambaguinee.org\/#\/schema\/person\/1146b0d060c263267a3d87e0264e433d","name":"sl-wpressuser","image":{"@type":"ImageObject","inLanguage":"fr-FR","@id":"https:\/\/sl.ambaguinee.org\/#\/schema\/person\/image\/","url":"https:\/\/secure.gravatar.com\/avatar\/8919cf3f42b825f8e35d147e4b19e946172e07fc82a728c3934e79f4238a76b3?s=96&d=mm&r=g","contentUrl":"https:\/\/secure.gravatar.com\/avatar\/8919cf3f42b825f8e35d147e4b19e946172e07fc82a728c3934e79f4238a76b3?s=96&d=mm&r=g","caption":"sl-wpressuser"},"sameAs":["https:\/\/sl.ambaguinee.org"],"url":"https:\/\/sl.ambaguinee.org\/?author=1"}]}},"_links":{"self":[{"href":"https:\/\/sl.ambaguinee.org\/index.php?rest_route=\/wp\/v2\/posts\/79310","targetHints":{"allow":["GET"]}}],"collection":[{"href":"https:\/\/sl.ambaguinee.org\/index.php?rest_route=\/wp\/v2\/posts"}],"about":[{"href":"https:\/\/sl.ambaguinee.org\/index.php?rest_route=\/wp\/v2\/types\/post"}],"author":[{"embeddable":true,"href":"https:\/\/sl.ambaguinee.org\/index.php?rest_route=\/wp\/v2\/users\/1"}],"replies":[{"embeddable":true,"href":"https:\/\/sl.ambaguinee.org\/index.php?rest_route=%2Fwp%2Fv2%2Fcomments&post=79310"}],"version-history":[{"count":0,"href":"https:\/\/sl.ambaguinee.org\/index.php?rest_route=\/wp\/v2\/posts\/79310\/revisions"}],"wp:attachment":[{"href":"https:\/\/sl.ambaguinee.org\/index.php?rest_route=%2Fwp%2Fv2%2Fmedia&parent=79310"}],"wp:term":[{"taxonomy":"category","embeddable":true,"href":"https:\/\/sl.ambaguinee.org\/index.php?rest_route=%2Fwp%2Fv2%2Fcategories&post=79310"},{"taxonomy":"post_tag","embeddable":true,"href":"https:\/\/sl.ambaguinee.org\/index.php?rest_route=%2Fwp%2Fv2%2Ftags&post=79310"}],"curies":[{"name":"wp","href":"https:\/\/api.w.org\/{rel}","templated":true}]}}