{"id":79240,"date":"2024-07-10T23:03:37","date_gmt":"2024-07-10T21:03:37","guid":{"rendered":"https:\/\/sl.ambaguinee.org\/?p=79240"},"modified":"2024-07-10T23:03:37","modified_gmt":"2024-07-10T21:03:37","slug":"transfert-dortmund-annonce-une-blessure-de-guirassy-lors-de-la-visite-medicale","status":"publish","type":"post","link":"https:\/\/sl.ambaguinee.org\/?p=79240","title":{"rendered":"Transfert : Dortmund annonce une blessure de Guirassy lors de la visite m\u00e9dicale"},"content":{"rendered":"<div>\n<p><strong>DORTMUND- Le Borussia Dortmund annonce que la visite m\u00e9dicale de Serhou Guirassy a rencontr\u00e9 un soucis. Le diagnostic aurait r\u00e9v\u00e9l\u00e9 que le buteur guin\u00e9en a une blessure qui n\u00e9cessiterait des pr\u00e9cisions. <\/strong><\/p>\n<p>\u00ab <em><strong>Lors d\u2019un examen m\u00e9dical de Serhou Guirassy, une blessure a \u00e9t\u00e9 d\u00e9couverte qui n\u00e9cessite des \u00e9claircissements. \u00bb<\/strong><\/em> indique le BVB. D\u2019autres tests m\u00e9dicaux auront lieu afin de permettre d\u2019\u00e9valuer la situation de Guirassy. Il faut rappeler que selon plusieurs m\u00e9dias allemands, l\u2019attaquant guin\u00e9en devrait signer un contrat d\u2019une dur\u00e9e de 4 ans avec Dortmund.<\/p>\n<p><strong><em>ALPHA DIALLO <\/em><\/strong><\/p>\n<\/div>\n","protected":false},"excerpt":{"rendered":"<p>DORTMUND- Le Borussia Dortmund annonce que la visite m\u00e9dicale de Serhou Guirassy a rencontr\u00e9 un soucis. Le diagnostic aurait r\u00e9v\u00e9l\u00e9 que le buteur guin\u00e9en a une blessure qui n\u00e9cessiterait des pr\u00e9cisions. \u00ab Lors d\u2019un examen m\u00e9dical de Serhou Guirassy, une blessure a \u00e9t\u00e9 d\u00e9couverte qui n\u00e9cessite des \u00e9claircissements. \u00bb indique le BVB. D\u2019autres tests m\u00e9dicaux &hellip;<\/p>\n","protected":false},"author":1,"featured_media":0,"comment_status":"closed","ping_status":"closed","sticky":false,"template":"","format":"standard","meta":{"footnotes":""},"categories":[4],"tags":[],"class_list":["post-79240","post","type-post","status-publish","format-standard","hentry","category-sports"],"yoast_head":"<!-- This site is optimized with the Yoast SEO plugin v21.0 - https:\/\/yoast.com\/wordpress\/plugins\/seo\/ -->\n<title>Transfert : Dortmund annonce une blessure de Guirassy lors de la visite m\u00e9dicale - Ambassade de Guin\u00e9e en Sierra L\u00e9one<\/title>\n<meta name=\"robots\" content=\"index, follow, max-snippet:-1, max-image-preview:large, max-video-preview:-1\" \/>\n<link rel=\"canonical\" href=\"https:\/\/sl.ambaguinee.org\/?p=79240\" \/>\n<meta property=\"og:locale\" content=\"fr_FR\" \/>\n<meta property=\"og:type\" content=\"article\" \/>\n<meta property=\"og:title\" content=\"Transfert : Dortmund annonce une blessure de Guirassy lors de la visite m\u00e9dicale - Ambassade de Guin\u00e9e en Sierra L\u00e9one\" \/>\n<meta property=\"og:description\" content=\"DORTMUND- Le Borussia Dortmund annonce que la visite m\u00e9dicale de Serhou Guirassy a rencontr\u00e9 un soucis. Le diagnostic aurait r\u00e9v\u00e9l\u00e9 que le buteur guin\u00e9en a une blessure qui n\u00e9cessiterait des pr\u00e9cisions. \u00ab Lors d\u2019un examen m\u00e9dical de Serhou Guirassy, une blessure a \u00e9t\u00e9 d\u00e9couverte qui n\u00e9cessite des \u00e9claircissements. \u00bb indique le BVB. D\u2019autres tests m\u00e9dicaux &hellip;\" \/>\n<meta property=\"og:url\" content=\"https:\/\/sl.ambaguinee.org\/?p=79240\" \/>\n<meta property=\"og:site_name\" content=\"Ambassade de Guin\u00e9e en Sierra L\u00e9one\" \/>\n<meta property=\"article:publisher\" content=\"https:\/\/www.facebook.com\/ambaguiparis\" \/>\n<meta property=\"article:published_time\" content=\"2024-07-10T21:03:37+00:00\" \/>\n<meta name=\"author\" content=\"sl-wpressuser\" \/>\n<meta name=\"twitter:card\" content=\"summary_large_image\" \/>\n<meta name=\"twitter:creator\" content=\"@AmbaGnFrPtIl\" \/>\n<meta name=\"twitter:site\" content=\"@AmbaGnFrPtIl\" \/>\n<meta name=\"twitter:label1\" content=\"\u00c9crit par\" \/>\n\t<meta name=\"twitter:data1\" content=\"sl-wpressuser\" \/>\n\t<meta name=\"twitter:label2\" content=\"Dur\u00e9e de lecture estim\u00e9e\" \/>\n\t<meta name=\"twitter:data2\" content=\"1 minute\" \/>\n<script type=\"application\/ld+json\" class=\"yoast-schema-graph\">{\"@context\":\"https:\/\/schema.org\",\"@graph\":[{\"@type\":\"Article\",\"@id\":\"https:\/\/sl.ambaguinee.org\/?p=79240#article\",\"isPartOf\":{\"@id\":\"https:\/\/sl.ambaguinee.org\/?p=79240\"},\"author\":{\"name\":\"sl-wpressuser\",\"@id\":\"https:\/\/sl.ambaguinee.org\/#\/schema\/person\/1146b0d060c263267a3d87e0264e433d\"},\"headline\":\"Transfert : Dortmund annonce une blessure de Guirassy lors de la visite m\u00e9dicale\",\"datePublished\":\"2024-07-10T21:03:37+00:00\",\"dateModified\":\"2024-07-10T21:03:37+00:00\",\"mainEntityOfPage\":{\"@id\":\"https:\/\/sl.ambaguinee.org\/?p=79240\"},\"wordCount\":116,\"publisher\":{\"@id\":\"https:\/\/sl.ambaguinee.org\/#organization\"},\"articleSection\":[\"Sports\"],\"inLanguage\":\"fr-FR\"},{\"@type\":\"WebPage\",\"@id\":\"https:\/\/sl.ambaguinee.org\/?p=79240\",\"url\":\"https:\/\/sl.ambaguinee.org\/?p=79240\",\"name\":\"Transfert : Dortmund annonce une blessure de Guirassy lors de la visite m\u00e9dicale - Ambassade de Guin\u00e9e en Sierra L\u00e9one\",\"isPartOf\":{\"@id\":\"https:\/\/sl.ambaguinee.org\/#website\"},\"datePublished\":\"2024-07-10T21:03:37+00:00\",\"dateModified\":\"2024-07-10T21:03:37+00:00\",\"breadcrumb\":{\"@id\":\"https:\/\/sl.ambaguinee.org\/?p=79240#breadcrumb\"},\"inLanguage\":\"fr-FR\",\"potentialAction\":[{\"@type\":\"ReadAction\",\"target\":[\"https:\/\/sl.ambaguinee.org\/?p=79240\"]}]},{\"@type\":\"BreadcrumbList\",\"@id\":\"https:\/\/sl.ambaguinee.org\/?p=79240#breadcrumb\",\"itemListElement\":[{\"@type\":\"ListItem\",\"position\":1,\"name\":\"Accueil\",\"item\":\"https:\/\/sl.ambaguinee.org\/\"},{\"@type\":\"ListItem\",\"position\":2,\"name\":\"Transfert : Dortmund annonce une blessure de Guirassy lors de la visite m\u00e9dicale\"}]},{\"@type\":\"WebSite\",\"@id\":\"https:\/\/sl.ambaguinee.org\/#website\",\"url\":\"https:\/\/sl.ambaguinee.org\/\",\"name\":\"Ambassade de Guin\u00e9e en Sierra L\u00e9one\",\"description\":\"Ambassade de Guin\u00e9e en Sierra L\u00e9one\",\"publisher\":{\"@id\":\"https:\/\/sl.ambaguinee.org\/#organization\"},\"potentialAction\":[{\"@type\":\"SearchAction\",\"target\":{\"@type\":\"EntryPoint\",\"urlTemplate\":\"https:\/\/sl.ambaguinee.org\/?s={search_term_string}\"},\"query-input\":\"required name=search_term_string\"}],\"inLanguage\":\"fr-FR\"},{\"@type\":\"Organization\",\"@id\":\"https:\/\/sl.ambaguinee.org\/#organization\",\"name\":\"Ambassade de la R\u00e9publique Guin\u00e9e en France\",\"url\":\"https:\/\/sl.ambaguinee.org\/\",\"logo\":{\"@type\":\"ImageObject\",\"inLanguage\":\"fr-FR\",\"@id\":\"https:\/\/sl.ambaguinee.org\/#\/schema\/logo\/image\/\",\"url\":\"https:\/\/sl.ambaguinee.org\/wp-content\/uploads\/2024\/06\/Logo-devise-Guinee-miniature.png\",\"contentUrl\":\"https:\/\/sl.ambaguinee.org\/wp-content\/uploads\/2024\/06\/Logo-devise-Guinee-miniature.png\",\"width\":170,\"height\":200,\"caption\":\"Ambassade de la R\u00e9publique Guin\u00e9e en France\"},\"image\":{\"@id\":\"https:\/\/sl.ambaguinee.org\/#\/schema\/logo\/image\/\"},\"sameAs\":[\"https:\/\/www.facebook.com\/ambaguiparis\",\"https:\/\/twitter.com\/AmbaGnFrPtIl\"]},{\"@type\":\"Person\",\"@id\":\"https:\/\/sl.ambaguinee.org\/#\/schema\/person\/1146b0d060c263267a3d87e0264e433d\",\"name\":\"sl-wpressuser\",\"image\":{\"@type\":\"ImageObject\",\"inLanguage\":\"fr-FR\",\"@id\":\"https:\/\/sl.ambaguinee.org\/#\/schema\/person\/image\/\",\"url\":\"https:\/\/secure.gravatar.com\/avatar\/8919cf3f42b825f8e35d147e4b19e946172e07fc82a728c3934e79f4238a76b3?s=96&d=mm&r=g\",\"contentUrl\":\"https:\/\/secure.gravatar.com\/avatar\/8919cf3f42b825f8e35d147e4b19e946172e07fc82a728c3934e79f4238a76b3?s=96&d=mm&r=g\",\"caption\":\"sl-wpressuser\"},\"sameAs\":[\"https:\/\/sl.ambaguinee.org\"],\"url\":\"https:\/\/sl.ambaguinee.org\/?author=1\"}]}<\/script>\n<!-- \/ Yoast SEO plugin. -->","yoast_head_json":{"title":"Transfert : Dortmund annonce une blessure de Guirassy lors de la visite m\u00e9dicale - Ambassade de Guin\u00e9e en Sierra L\u00e9one","robots":{"index":"index","follow":"follow","max-snippet":"max-snippet:-1","max-image-preview":"max-image-preview:large","max-video-preview":"max-video-preview:-1"},"canonical":"https:\/\/sl.ambaguinee.org\/?p=79240","og_locale":"fr_FR","og_type":"article","og_title":"Transfert : Dortmund annonce une blessure de Guirassy lors de la visite m\u00e9dicale - Ambassade de Guin\u00e9e en Sierra L\u00e9one","og_description":"DORTMUND- Le Borussia Dortmund annonce que la visite m\u00e9dicale de Serhou Guirassy a rencontr\u00e9 un soucis. Le diagnostic aurait r\u00e9v\u00e9l\u00e9 que le buteur guin\u00e9en a une blessure qui n\u00e9cessiterait des pr\u00e9cisions. \u00ab Lors d\u2019un examen m\u00e9dical de Serhou Guirassy, une blessure a \u00e9t\u00e9 d\u00e9couverte qui n\u00e9cessite des \u00e9claircissements. \u00bb indique le BVB. D\u2019autres tests m\u00e9dicaux &hellip;","og_url":"https:\/\/sl.ambaguinee.org\/?p=79240","og_site_name":"Ambassade de Guin\u00e9e en Sierra L\u00e9one","article_publisher":"https:\/\/www.facebook.com\/ambaguiparis","article_published_time":"2024-07-10T21:03:37+00:00","author":"sl-wpressuser","twitter_card":"summary_large_image","twitter_creator":"@AmbaGnFrPtIl","twitter_site":"@AmbaGnFrPtIl","twitter_misc":{"\u00c9crit par":"sl-wpressuser","Dur\u00e9e de lecture estim\u00e9e":"1 minute"},"schema":{"@context":"https:\/\/schema.org","@graph":[{"@type":"Article","@id":"https:\/\/sl.ambaguinee.org\/?p=79240#article","isPartOf":{"@id":"https:\/\/sl.ambaguinee.org\/?p=79240"},"author":{"name":"sl-wpressuser","@id":"https:\/\/sl.ambaguinee.org\/#\/schema\/person\/1146b0d060c263267a3d87e0264e433d"},"headline":"Transfert : Dortmund annonce une blessure de Guirassy lors de la visite m\u00e9dicale","datePublished":"2024-07-10T21:03:37+00:00","dateModified":"2024-07-10T21:03:37+00:00","mainEntityOfPage":{"@id":"https:\/\/sl.ambaguinee.org\/?p=79240"},"wordCount":116,"publisher":{"@id":"https:\/\/sl.ambaguinee.org\/#organization"},"articleSection":["Sports"],"inLanguage":"fr-FR"},{"@type":"WebPage","@id":"https:\/\/sl.ambaguinee.org\/?p=79240","url":"https:\/\/sl.ambaguinee.org\/?p=79240","name":"Transfert : Dortmund annonce une blessure de Guirassy lors de la visite m\u00e9dicale - Ambassade de Guin\u00e9e en Sierra L\u00e9one","isPartOf":{"@id":"https:\/\/sl.ambaguinee.org\/#website"},"datePublished":"2024-07-10T21:03:37+00:00","dateModified":"2024-07-10T21:03:37+00:00","breadcrumb":{"@id":"https:\/\/sl.ambaguinee.org\/?p=79240#breadcrumb"},"inLanguage":"fr-FR","potentialAction":[{"@type":"ReadAction","target":["https:\/\/sl.ambaguinee.org\/?p=79240"]}]},{"@type":"BreadcrumbList","@id":"https:\/\/sl.ambaguinee.org\/?p=79240#breadcrumb","itemListElement":[{"@type":"ListItem","position":1,"name":"Accueil","item":"https:\/\/sl.ambaguinee.org\/"},{"@type":"ListItem","position":2,"name":"Transfert : Dortmund annonce une blessure de Guirassy lors de la visite m\u00e9dicale"}]},{"@type":"WebSite","@id":"https:\/\/sl.ambaguinee.org\/#website","url":"https:\/\/sl.ambaguinee.org\/","name":"Ambassade de Guin\u00e9e en Sierra L\u00e9one","description":"Ambassade de Guin\u00e9e en Sierra L\u00e9one","publisher":{"@id":"https:\/\/sl.ambaguinee.org\/#organization"},"potentialAction":[{"@type":"SearchAction","target":{"@type":"EntryPoint","urlTemplate":"https:\/\/sl.ambaguinee.org\/?s={search_term_string}"},"query-input":"required name=search_term_string"}],"inLanguage":"fr-FR"},{"@type":"Organization","@id":"https:\/\/sl.ambaguinee.org\/#organization","name":"Ambassade de la R\u00e9publique Guin\u00e9e en France","url":"https:\/\/sl.ambaguinee.org\/","logo":{"@type":"ImageObject","inLanguage":"fr-FR","@id":"https:\/\/sl.ambaguinee.org\/#\/schema\/logo\/image\/","url":"https:\/\/sl.ambaguinee.org\/wp-content\/uploads\/2024\/06\/Logo-devise-Guinee-miniature.png","contentUrl":"https:\/\/sl.ambaguinee.org\/wp-content\/uploads\/2024\/06\/Logo-devise-Guinee-miniature.png","width":170,"height":200,"caption":"Ambassade de la R\u00e9publique Guin\u00e9e en France"},"image":{"@id":"https:\/\/sl.ambaguinee.org\/#\/schema\/logo\/image\/"},"sameAs":["https:\/\/www.facebook.com\/ambaguiparis","https:\/\/twitter.com\/AmbaGnFrPtIl"]},{"@type":"Person","@id":"https:\/\/sl.ambaguinee.org\/#\/schema\/person\/1146b0d060c263267a3d87e0264e433d","name":"sl-wpressuser","image":{"@type":"ImageObject","inLanguage":"fr-FR","@id":"https:\/\/sl.ambaguinee.org\/#\/schema\/person\/image\/","url":"https:\/\/secure.gravatar.com\/avatar\/8919cf3f42b825f8e35d147e4b19e946172e07fc82a728c3934e79f4238a76b3?s=96&d=mm&r=g","contentUrl":"https:\/\/secure.gravatar.com\/avatar\/8919cf3f42b825f8e35d147e4b19e946172e07fc82a728c3934e79f4238a76b3?s=96&d=mm&r=g","caption":"sl-wpressuser"},"sameAs":["https:\/\/sl.ambaguinee.org"],"url":"https:\/\/sl.ambaguinee.org\/?author=1"}]}},"_links":{"self":[{"href":"https:\/\/sl.ambaguinee.org\/index.php?rest_route=\/wp\/v2\/posts\/79240","targetHints":{"allow":["GET"]}}],"collection":[{"href":"https:\/\/sl.ambaguinee.org\/index.php?rest_route=\/wp\/v2\/posts"}],"about":[{"href":"https:\/\/sl.ambaguinee.org\/index.php?rest_route=\/wp\/v2\/types\/post"}],"author":[{"embeddable":true,"href":"https:\/\/sl.ambaguinee.org\/index.php?rest_route=\/wp\/v2\/users\/1"}],"replies":[{"embeddable":true,"href":"https:\/\/sl.ambaguinee.org\/index.php?rest_route=%2Fwp%2Fv2%2Fcomments&post=79240"}],"version-history":[{"count":0,"href":"https:\/\/sl.ambaguinee.org\/index.php?rest_route=\/wp\/v2\/posts\/79240\/revisions"}],"wp:attachment":[{"href":"https:\/\/sl.ambaguinee.org\/index.php?rest_route=%2Fwp%2Fv2%2Fmedia&parent=79240"}],"wp:term":[{"taxonomy":"category","embeddable":true,"href":"https:\/\/sl.ambaguinee.org\/index.php?rest_route=%2Fwp%2Fv2%2Fcategories&post=79240"},{"taxonomy":"post_tag","embeddable":true,"href":"https:\/\/sl.ambaguinee.org\/index.php?rest_route=%2Fwp%2Fv2%2Ftags&post=79240"}],"curies":[{"name":"wp","href":"https:\/\/api.w.org\/{rel}","templated":true}]}}