{"id":78616,"date":"2024-06-27T23:03:29","date_gmt":"2024-06-27T21:03:29","guid":{"rendered":"https:\/\/sl.ambaguinee.org\/?p=78616"},"modified":"2024-06-27T23:03:29","modified_gmt":"2024-06-27T21:03:29","slug":"sehrou-guirassy-vers-le-bvb","status":"publish","type":"post","link":"https:\/\/sl.ambaguinee.org\/?p=78616","title":{"rendered":"Sehrou Guirassy vers le BVB ?"},"content":{"rendered":"<div>\n<p><strong>Selon le journalise Fabrizio Romano, l\u2019attaquant guin\u00e9en a donn\u00e9 son accord pour signer au BVB.<br \/>Dortmund paiera la clause lib\u00e9ratoire d\u2019environ \u20ac 17,5 millions \u00e0 Stuttgart.<\/strong> Avec les clauses suppl\u00e9mentaires le total de l\u2019op\u00e9ration peut atteindre \u00e0 pr\u00e8s de 60 millions d\u2019euros. Si cette information se confirme et un accord est trouv\u00e9 dans les n\u00e9gociations, Guirassy va continuer son aventure en Bundesliga sous d\u2019autres couleurs.<\/p>\n<p>Guirassy, qui a r\u00e9alis\u00e9 une saison exceptionnelle avec le VfB Stuttgart en marquant 30 buts en 30 matchs, est tr\u00e8s convoit\u00e9, notamment par plusieurs grands clubs europ\u00e9ens comme Chelsea et Manchester United\u200b. Cependant, Dortmund semble en pole position pour finaliser son recrutement, m\u00eame apr\u00e8s avoir chang\u00e9 d\u2019entra\u00eeneur r\u00e9cemment.<\/p>\n<p>Le club allemand a pr\u00e9sent\u00e9 un projet et une proposition de contrat \u00e0 Guirassy, et il est probable avec cette avanc\u00e9e qu\u2019il rejoigne leurs rangs dans les prochaines semaines, renfor\u00e7ant ainsi leur attaque pour la saison prochaine\u200b.<\/p>\n<figure class=\"wp-block-embed is-type-rich is-provider-twitter wp-block-embed-twitter\">\n<div class=\"wp-block-embed__wrapper\">\n<blockquote class=\"twitter-tweet\" data-width=\"550\" data-dnt=\"true\">\n<p lang=\"en\" dir=\"ltr\"><imgsrc=\"\" alt=\"\ud83d\udea8\" class=\"wp-smiley\" style=\"height: 1em; max-height: 1em;\"><imgsrc=\"\" alt=\"\ud83d\udfe1\" class=\"wp-smiley\" style=\"height: 1em; max-height: 1em;\"><imgsrc=\"\" alt=\"\u26ab\" class=\"wp-smiley\" style=\"height: 1em; max-height: 1em;\"> EXCLUSIVE: Serhou Guirassy to Borussia Dortmund, here we go!<\/p>\n<p>BVB have received the green light from player side after working on this deal for months.<\/p>\n<p>Guirassy has accepted and formal steps will follow.<\/p>\n<p>BVB will pay the release clause around \u20ac17.5m to Stuttgart. <a href=\"https:\/\/t.co\/QGtXAU8LRH\">pic.twitter.com\/QGtXAU8LRH<\/a><\/p>\n<p>\u2014 Fabrizio Romano (@FabrizioRomano) <a href=\"https:\/\/twitter.com\/FabrizioRomano\/status\/1805998938417213870?ref_src=twsrc%5Etfw\">June 26, 2024<\/a><\/p><\/blockquote>\n<p><script async src=\"https:\/\/platform.twitter.com\/widgets.js\" charset=\"utf-8\"><\/script><\/div>\n<\/figure>\n<\/div>\n","protected":false},"excerpt":{"rendered":"<p>Selon le journalise Fabrizio Romano, l\u2019attaquant guin\u00e9en a donn\u00e9 son accord pour signer au BVB.Dortmund paiera la clause lib\u00e9ratoire d\u2019environ \u20ac 17,5 millions \u00e0 Stuttgart. Avec les clauses suppl\u00e9mentaires le total de l\u2019op\u00e9ration peut atteindre \u00e0 pr\u00e8s de 60 millions d\u2019euros. Si cette information se confirme et un accord est trouv\u00e9 dans les n\u00e9gociations, Guirassy &hellip;<\/p>\n","protected":false},"author":1,"featured_media":0,"comment_status":"closed","ping_status":"closed","sticky":false,"template":"","format":"standard","meta":{"footnotes":""},"categories":[4],"tags":[],"class_list":["post-78616","post","type-post","status-publish","format-standard","hentry","category-sports"],"yoast_head":"<!-- This site is optimized with the Yoast SEO plugin v21.0 - https:\/\/yoast.com\/wordpress\/plugins\/seo\/ -->\n<title>Sehrou Guirassy vers le BVB ? - Ambassade de Guin\u00e9e en Sierra L\u00e9one<\/title>\n<meta name=\"robots\" content=\"index, follow, max-snippet:-1, max-image-preview:large, max-video-preview:-1\" \/>\n<link rel=\"canonical\" href=\"https:\/\/sl.ambaguinee.org\/?p=78616\" \/>\n<meta property=\"og:locale\" content=\"fr_FR\" \/>\n<meta property=\"og:type\" content=\"article\" \/>\n<meta property=\"og:title\" content=\"Sehrou Guirassy vers le BVB ? - Ambassade de Guin\u00e9e en Sierra L\u00e9one\" \/>\n<meta property=\"og:description\" content=\"Selon le journalise Fabrizio Romano, l\u2019attaquant guin\u00e9en a donn\u00e9 son accord pour signer au BVB.Dortmund paiera la clause lib\u00e9ratoire d\u2019environ \u20ac 17,5 millions \u00e0 Stuttgart. Avec les clauses suppl\u00e9mentaires le total de l\u2019op\u00e9ration peut atteindre \u00e0 pr\u00e8s de 60 millions d\u2019euros. Si cette information se confirme et un accord est trouv\u00e9 dans les n\u00e9gociations, Guirassy &hellip;\" \/>\n<meta property=\"og:url\" content=\"https:\/\/sl.ambaguinee.org\/?p=78616\" \/>\n<meta property=\"og:site_name\" content=\"Ambassade de Guin\u00e9e en Sierra L\u00e9one\" \/>\n<meta property=\"article:publisher\" content=\"https:\/\/www.facebook.com\/ambaguiparis\" \/>\n<meta property=\"article:published_time\" content=\"2024-06-27T21:03:29+00:00\" \/>\n<meta name=\"author\" content=\"sl-wpressuser\" \/>\n<meta name=\"twitter:card\" content=\"summary_large_image\" \/>\n<meta name=\"twitter:creator\" content=\"@AmbaGnFrPtIl\" \/>\n<meta name=\"twitter:site\" content=\"@AmbaGnFrPtIl\" \/>\n<meta name=\"twitter:label1\" content=\"\u00c9crit par\" \/>\n\t<meta name=\"twitter:data1\" content=\"sl-wpressuser\" \/>\n\t<meta name=\"twitter:label2\" content=\"Dur\u00e9e de lecture estim\u00e9e\" \/>\n\t<meta name=\"twitter:data2\" content=\"1 minute\" \/>\n<script type=\"application\/ld+json\" class=\"yoast-schema-graph\">{\"@context\":\"https:\/\/schema.org\",\"@graph\":[{\"@type\":\"Article\",\"@id\":\"https:\/\/sl.ambaguinee.org\/?p=78616#article\",\"isPartOf\":{\"@id\":\"https:\/\/sl.ambaguinee.org\/?p=78616\"},\"author\":{\"name\":\"sl-wpressuser\",\"@id\":\"https:\/\/sl.ambaguinee.org\/#\/schema\/person\/1146b0d060c263267a3d87e0264e433d\"},\"headline\":\"Sehrou Guirassy vers le BVB ?\",\"datePublished\":\"2024-06-27T21:03:29+00:00\",\"dateModified\":\"2024-06-27T21:03:29+00:00\",\"mainEntityOfPage\":{\"@id\":\"https:\/\/sl.ambaguinee.org\/?p=78616\"},\"wordCount\":222,\"publisher\":{\"@id\":\"https:\/\/sl.ambaguinee.org\/#organization\"},\"articleSection\":[\"Sports\"],\"inLanguage\":\"fr-FR\"},{\"@type\":\"WebPage\",\"@id\":\"https:\/\/sl.ambaguinee.org\/?p=78616\",\"url\":\"https:\/\/sl.ambaguinee.org\/?p=78616\",\"name\":\"Sehrou Guirassy vers le BVB ? - Ambassade de Guin\u00e9e en Sierra L\u00e9one\",\"isPartOf\":{\"@id\":\"https:\/\/sl.ambaguinee.org\/#website\"},\"datePublished\":\"2024-06-27T21:03:29+00:00\",\"dateModified\":\"2024-06-27T21:03:29+00:00\",\"breadcrumb\":{\"@id\":\"https:\/\/sl.ambaguinee.org\/?p=78616#breadcrumb\"},\"inLanguage\":\"fr-FR\",\"potentialAction\":[{\"@type\":\"ReadAction\",\"target\":[\"https:\/\/sl.ambaguinee.org\/?p=78616\"]}]},{\"@type\":\"BreadcrumbList\",\"@id\":\"https:\/\/sl.ambaguinee.org\/?p=78616#breadcrumb\",\"itemListElement\":[{\"@type\":\"ListItem\",\"position\":1,\"name\":\"Accueil\",\"item\":\"https:\/\/sl.ambaguinee.org\/\"},{\"@type\":\"ListItem\",\"position\":2,\"name\":\"Sehrou Guirassy vers le BVB ?\"}]},{\"@type\":\"WebSite\",\"@id\":\"https:\/\/sl.ambaguinee.org\/#website\",\"url\":\"https:\/\/sl.ambaguinee.org\/\",\"name\":\"Ambassade de Guin\u00e9e en Sierra L\u00e9one\",\"description\":\"Ambassade de Guin\u00e9e en Sierra L\u00e9one\",\"publisher\":{\"@id\":\"https:\/\/sl.ambaguinee.org\/#organization\"},\"potentialAction\":[{\"@type\":\"SearchAction\",\"target\":{\"@type\":\"EntryPoint\",\"urlTemplate\":\"https:\/\/sl.ambaguinee.org\/?s={search_term_string}\"},\"query-input\":\"required name=search_term_string\"}],\"inLanguage\":\"fr-FR\"},{\"@type\":\"Organization\",\"@id\":\"https:\/\/sl.ambaguinee.org\/#organization\",\"name\":\"Ambassade de la R\u00e9publique Guin\u00e9e en France\",\"url\":\"https:\/\/sl.ambaguinee.org\/\",\"logo\":{\"@type\":\"ImageObject\",\"inLanguage\":\"fr-FR\",\"@id\":\"https:\/\/sl.ambaguinee.org\/#\/schema\/logo\/image\/\",\"url\":\"https:\/\/sl.ambaguinee.org\/wp-content\/uploads\/2024\/06\/Logo-devise-Guinee-miniature.png\",\"contentUrl\":\"https:\/\/sl.ambaguinee.org\/wp-content\/uploads\/2024\/06\/Logo-devise-Guinee-miniature.png\",\"width\":170,\"height\":200,\"caption\":\"Ambassade de la R\u00e9publique Guin\u00e9e en France\"},\"image\":{\"@id\":\"https:\/\/sl.ambaguinee.org\/#\/schema\/logo\/image\/\"},\"sameAs\":[\"https:\/\/www.facebook.com\/ambaguiparis\",\"https:\/\/twitter.com\/AmbaGnFrPtIl\"]},{\"@type\":\"Person\",\"@id\":\"https:\/\/sl.ambaguinee.org\/#\/schema\/person\/1146b0d060c263267a3d87e0264e433d\",\"name\":\"sl-wpressuser\",\"image\":{\"@type\":\"ImageObject\",\"inLanguage\":\"fr-FR\",\"@id\":\"https:\/\/sl.ambaguinee.org\/#\/schema\/person\/image\/\",\"url\":\"https:\/\/secure.gravatar.com\/avatar\/8919cf3f42b825f8e35d147e4b19e946172e07fc82a728c3934e79f4238a76b3?s=96&d=mm&r=g\",\"contentUrl\":\"https:\/\/secure.gravatar.com\/avatar\/8919cf3f42b825f8e35d147e4b19e946172e07fc82a728c3934e79f4238a76b3?s=96&d=mm&r=g\",\"caption\":\"sl-wpressuser\"},\"sameAs\":[\"https:\/\/sl.ambaguinee.org\"],\"url\":\"https:\/\/sl.ambaguinee.org\/?author=1\"}]}<\/script>\n<!-- \/ Yoast SEO plugin. -->","yoast_head_json":{"title":"Sehrou Guirassy vers le BVB ? - Ambassade de Guin\u00e9e en Sierra L\u00e9one","robots":{"index":"index","follow":"follow","max-snippet":"max-snippet:-1","max-image-preview":"max-image-preview:large","max-video-preview":"max-video-preview:-1"},"canonical":"https:\/\/sl.ambaguinee.org\/?p=78616","og_locale":"fr_FR","og_type":"article","og_title":"Sehrou Guirassy vers le BVB ? - Ambassade de Guin\u00e9e en Sierra L\u00e9one","og_description":"Selon le journalise Fabrizio Romano, l\u2019attaquant guin\u00e9en a donn\u00e9 son accord pour signer au BVB.Dortmund paiera la clause lib\u00e9ratoire d\u2019environ \u20ac 17,5 millions \u00e0 Stuttgart. Avec les clauses suppl\u00e9mentaires le total de l\u2019op\u00e9ration peut atteindre \u00e0 pr\u00e8s de 60 millions d\u2019euros. Si cette information se confirme et un accord est trouv\u00e9 dans les n\u00e9gociations, Guirassy &hellip;","og_url":"https:\/\/sl.ambaguinee.org\/?p=78616","og_site_name":"Ambassade de Guin\u00e9e en Sierra L\u00e9one","article_publisher":"https:\/\/www.facebook.com\/ambaguiparis","article_published_time":"2024-06-27T21:03:29+00:00","author":"sl-wpressuser","twitter_card":"summary_large_image","twitter_creator":"@AmbaGnFrPtIl","twitter_site":"@AmbaGnFrPtIl","twitter_misc":{"\u00c9crit par":"sl-wpressuser","Dur\u00e9e de lecture estim\u00e9e":"1 minute"},"schema":{"@context":"https:\/\/schema.org","@graph":[{"@type":"Article","@id":"https:\/\/sl.ambaguinee.org\/?p=78616#article","isPartOf":{"@id":"https:\/\/sl.ambaguinee.org\/?p=78616"},"author":{"name":"sl-wpressuser","@id":"https:\/\/sl.ambaguinee.org\/#\/schema\/person\/1146b0d060c263267a3d87e0264e433d"},"headline":"Sehrou Guirassy vers le BVB ?","datePublished":"2024-06-27T21:03:29+00:00","dateModified":"2024-06-27T21:03:29+00:00","mainEntityOfPage":{"@id":"https:\/\/sl.ambaguinee.org\/?p=78616"},"wordCount":222,"publisher":{"@id":"https:\/\/sl.ambaguinee.org\/#organization"},"articleSection":["Sports"],"inLanguage":"fr-FR"},{"@type":"WebPage","@id":"https:\/\/sl.ambaguinee.org\/?p=78616","url":"https:\/\/sl.ambaguinee.org\/?p=78616","name":"Sehrou Guirassy vers le BVB ? - Ambassade de Guin\u00e9e en Sierra L\u00e9one","isPartOf":{"@id":"https:\/\/sl.ambaguinee.org\/#website"},"datePublished":"2024-06-27T21:03:29+00:00","dateModified":"2024-06-27T21:03:29+00:00","breadcrumb":{"@id":"https:\/\/sl.ambaguinee.org\/?p=78616#breadcrumb"},"inLanguage":"fr-FR","potentialAction":[{"@type":"ReadAction","target":["https:\/\/sl.ambaguinee.org\/?p=78616"]}]},{"@type":"BreadcrumbList","@id":"https:\/\/sl.ambaguinee.org\/?p=78616#breadcrumb","itemListElement":[{"@type":"ListItem","position":1,"name":"Accueil","item":"https:\/\/sl.ambaguinee.org\/"},{"@type":"ListItem","position":2,"name":"Sehrou Guirassy vers le BVB ?"}]},{"@type":"WebSite","@id":"https:\/\/sl.ambaguinee.org\/#website","url":"https:\/\/sl.ambaguinee.org\/","name":"Ambassade de Guin\u00e9e en Sierra L\u00e9one","description":"Ambassade de Guin\u00e9e en Sierra L\u00e9one","publisher":{"@id":"https:\/\/sl.ambaguinee.org\/#organization"},"potentialAction":[{"@type":"SearchAction","target":{"@type":"EntryPoint","urlTemplate":"https:\/\/sl.ambaguinee.org\/?s={search_term_string}"},"query-input":"required name=search_term_string"}],"inLanguage":"fr-FR"},{"@type":"Organization","@id":"https:\/\/sl.ambaguinee.org\/#organization","name":"Ambassade de la R\u00e9publique Guin\u00e9e en France","url":"https:\/\/sl.ambaguinee.org\/","logo":{"@type":"ImageObject","inLanguage":"fr-FR","@id":"https:\/\/sl.ambaguinee.org\/#\/schema\/logo\/image\/","url":"https:\/\/sl.ambaguinee.org\/wp-content\/uploads\/2024\/06\/Logo-devise-Guinee-miniature.png","contentUrl":"https:\/\/sl.ambaguinee.org\/wp-content\/uploads\/2024\/06\/Logo-devise-Guinee-miniature.png","width":170,"height":200,"caption":"Ambassade de la R\u00e9publique Guin\u00e9e en France"},"image":{"@id":"https:\/\/sl.ambaguinee.org\/#\/schema\/logo\/image\/"},"sameAs":["https:\/\/www.facebook.com\/ambaguiparis","https:\/\/twitter.com\/AmbaGnFrPtIl"]},{"@type":"Person","@id":"https:\/\/sl.ambaguinee.org\/#\/schema\/person\/1146b0d060c263267a3d87e0264e433d","name":"sl-wpressuser","image":{"@type":"ImageObject","inLanguage":"fr-FR","@id":"https:\/\/sl.ambaguinee.org\/#\/schema\/person\/image\/","url":"https:\/\/secure.gravatar.com\/avatar\/8919cf3f42b825f8e35d147e4b19e946172e07fc82a728c3934e79f4238a76b3?s=96&d=mm&r=g","contentUrl":"https:\/\/secure.gravatar.com\/avatar\/8919cf3f42b825f8e35d147e4b19e946172e07fc82a728c3934e79f4238a76b3?s=96&d=mm&r=g","caption":"sl-wpressuser"},"sameAs":["https:\/\/sl.ambaguinee.org"],"url":"https:\/\/sl.ambaguinee.org\/?author=1"}]}},"_links":{"self":[{"href":"https:\/\/sl.ambaguinee.org\/index.php?rest_route=\/wp\/v2\/posts\/78616","targetHints":{"allow":["GET"]}}],"collection":[{"href":"https:\/\/sl.ambaguinee.org\/index.php?rest_route=\/wp\/v2\/posts"}],"about":[{"href":"https:\/\/sl.ambaguinee.org\/index.php?rest_route=\/wp\/v2\/types\/post"}],"author":[{"embeddable":true,"href":"https:\/\/sl.ambaguinee.org\/index.php?rest_route=\/wp\/v2\/users\/1"}],"replies":[{"embeddable":true,"href":"https:\/\/sl.ambaguinee.org\/index.php?rest_route=%2Fwp%2Fv2%2Fcomments&post=78616"}],"version-history":[{"count":0,"href":"https:\/\/sl.ambaguinee.org\/index.php?rest_route=\/wp\/v2\/posts\/78616\/revisions"}],"wp:attachment":[{"href":"https:\/\/sl.ambaguinee.org\/index.php?rest_route=%2Fwp%2Fv2%2Fmedia&parent=78616"}],"wp:term":[{"taxonomy":"category","embeddable":true,"href":"https:\/\/sl.ambaguinee.org\/index.php?rest_route=%2Fwp%2Fv2%2Fcategories&post=78616"},{"taxonomy":"post_tag","embeddable":true,"href":"https:\/\/sl.ambaguinee.org\/index.php?rest_route=%2Fwp%2Fv2%2Ftags&post=78616"}],"curies":[{"name":"wp","href":"https:\/\/api.w.org\/{rel}","templated":true}]}}