{"id":78441,"date":"2024-06-24T23:03:32","date_gmt":"2024-06-24T21:03:32","guid":{"rendered":"https:\/\/sl.ambaguinee.org\/?p=78441"},"modified":"2024-06-24T23:03:32","modified_gmt":"2024-06-24T21:03:32","slug":"le-syli-aux-jo-de-paris-autorites-comite-ministere-diaspora-public-la-feguifoot-apelle-a-la-mobilisation","status":"publish","type":"post","link":"https:\/\/sl.ambaguinee.org\/?p=78441","title":{"rendered":"Le Syli aux JO de Paris : autorit\u00e9s, Comit\u00e9, minist\u00e8re, diaspora, public..la F\u00e9guifoot apelle \u00e0 la mobilisation"},"content":{"rendered":"<div>\n<p><strong>CONAKRY- La Guin\u00e9e s\u2019appr\u00eate \u00e0 faire son grand retour aux Jeux Olympiques, plus de 50 ans apr\u00e8s sa derni\u00e8re participation \u00e0 cette comp\u00e9tition d\u2019envergure plan\u00e9taire. Apr\u00e8s avoir brillamment obtenu sa qualification devant l\u2019Indon\u00e9sie, le Syli National U-23 va prendre part aux JO aux c\u00f4t\u00e9s du pays h\u00f4te Fran\u00e7ais, des \u00c9tats-Unis et de la Nouvelle-Z\u00e9lande<\/strong>. <\/p>\n<p>Avant ce rendez-vous historique, et pour une bonne participation, les actions pour une forte mobilisation et soutien envers l\u2019\u00e9quipe sont d\u00e9j\u00e0 lanc\u00e9es par la f\u00e9d\u00e9ration Guin\u00e9enne de Football. L\u2019instance invite les guin\u00e9ens du pays et ceux vivant ailleurs, \u00e0 s\u2019unir pour pousser notre onze national \u00e0 la victoire. La diaspora notamment d\u2019Europe et surout celle en France, est aussi sollicit\u00e9e pour la r\u00e9ussite de cette belle initiative. Sans oublier les autorit\u00e9s de la transition, le minist\u00e8re de la jeunesse et des sports, le comit\u00e9 national olympique, le comit\u00e9 des supporters et les personnes ressources, de pr\u00e8s ou de loin. <\/p>\n<p>Des panneaux publicitaires ont \u00e9t\u00e9 con\u00e7us \u00e0 cet effet et ces derniers seront bient\u00f4t visibles partout dans les grands axes routiers dans la capitale Conakry ainsi qu\u2019\u00e0 l\u2019int\u00e9rieur du pays. Pour rappel, la s\u00e9lection Olympique de Guin\u00e9e fera sa premi\u00e8re apparition le 24 juillet contre la Nouvelle-Z\u00e9lande, avant d\u2019affronter le 27, la France, et de terminer la phase de groupes par un duel avec les USA.<\/p>\n<figure class=\"wp-block-image size-large\"><img fetchpriority=\"high\" fetchpriority=\"high\" decoding=\"async\" width=\"999\" height=\"1024\"src=\"https:\/\/sl.ambaguinee.org\/wp-content\/uploads\/2024\/06\/FB_IMG_1719082035139.jpg\" alt=\"\" class=\"wp-image-51792\" srcset=\"https:\/\/usercontent.one\/wp\/guineefoot.info\/wp-content\/uploads\/2024\/06\/FB_IMG_1719082035139-999x1024.jpg 999w, https:\/\/usercontent.one\/wp\/guineefoot.info\/wp-content\/uploads\/2024\/06\/FB_IMG_1719082035139-293x300.jpg 293w, https:\/\/usercontent.one\/wp\/guineefoot.info\/wp-content\/uploads\/2024\/06\/FB_IMG_1719082035139-768x787.jpg 768w, https:\/\/usercontent.one\/wp\/guineefoot.info\/wp-content\/uploads\/2024\/06\/FB_IMG_1719082035139-600x615.jpg 600w, https:\/\/sl.ambaguinee.org\/wp-content\/uploads\/2024\/06\/FB_IMG_1719082035139.jpg 1080w\" sizes=\"(max-width: 999px) 100vw, 999px\"><\/figure>\n<p><strong>GUINEEFOOT<\/strong> <\/p>\n<\/div>\n","protected":false},"excerpt":{"rendered":"<p>CONAKRY- La Guin\u00e9e s\u2019appr\u00eate \u00e0 faire son grand retour aux Jeux Olympiques, plus de 50 ans apr\u00e8s sa derni\u00e8re participation \u00e0 cette comp\u00e9tition d\u2019envergure plan\u00e9taire. Apr\u00e8s avoir brillamment obtenu sa qualification devant l\u2019Indon\u00e9sie, le Syli National U-23 va prendre part aux JO aux c\u00f4t\u00e9s du pays h\u00f4te Fran\u00e7ais, des \u00c9tats-Unis et de la Nouvelle-Z\u00e9lande. Avant &hellip;<\/p>\n","protected":false},"author":1,"featured_media":0,"comment_status":"closed","ping_status":"closed","sticky":false,"template":"","format":"standard","meta":{"footnotes":""},"categories":[4],"tags":[],"class_list":["post-78441","post","type-post","status-publish","format-standard","hentry","category-sports"],"yoast_head":"<!-- This site is optimized with the Yoast SEO plugin v21.0 - https:\/\/yoast.com\/wordpress\/plugins\/seo\/ -->\n<title>Le Syli aux JO de Paris : autorit\u00e9s, Comit\u00e9, minist\u00e8re, diaspora, public..la F\u00e9guifoot apelle \u00e0 la mobilisation - Ambassade de Guin\u00e9e en Sierra L\u00e9one<\/title>\n<meta name=\"robots\" content=\"index, follow, max-snippet:-1, max-image-preview:large, max-video-preview:-1\" \/>\n<link rel=\"canonical\" href=\"https:\/\/sl.ambaguinee.org\/?p=78441\" \/>\n<meta property=\"og:locale\" content=\"fr_FR\" \/>\n<meta property=\"og:type\" content=\"article\" \/>\n<meta property=\"og:title\" content=\"Le Syli aux JO de Paris : autorit\u00e9s, Comit\u00e9, minist\u00e8re, diaspora, public..la F\u00e9guifoot apelle \u00e0 la mobilisation - Ambassade de Guin\u00e9e en Sierra L\u00e9one\" \/>\n<meta property=\"og:description\" content=\"CONAKRY- La Guin\u00e9e s\u2019appr\u00eate \u00e0 faire son grand retour aux Jeux Olympiques, plus de 50 ans apr\u00e8s sa derni\u00e8re participation \u00e0 cette comp\u00e9tition d\u2019envergure plan\u00e9taire. Apr\u00e8s avoir brillamment obtenu sa qualification devant l\u2019Indon\u00e9sie, le Syli National U-23 va prendre part aux JO aux c\u00f4t\u00e9s du pays h\u00f4te Fran\u00e7ais, des \u00c9tats-Unis et de la Nouvelle-Z\u00e9lande. Avant &hellip;\" \/>\n<meta property=\"og:url\" content=\"https:\/\/sl.ambaguinee.org\/?p=78441\" \/>\n<meta property=\"og:site_name\" content=\"Ambassade de Guin\u00e9e en Sierra L\u00e9one\" \/>\n<meta property=\"article:publisher\" content=\"https:\/\/www.facebook.com\/ambaguiparis\" \/>\n<meta property=\"article:published_time\" content=\"2024-06-24T21:03:32+00:00\" \/>\n<meta property=\"og:image\" content=\"https:\/\/sl.ambaguinee.org\/wp-content\/uploads\/2024\/06\/FB_IMG_1719082035139.jpg\" \/>\n<meta name=\"author\" content=\"sl-wpressuser\" \/>\n<meta name=\"twitter:card\" content=\"summary_large_image\" \/>\n<meta name=\"twitter:creator\" content=\"@AmbaGnFrPtIl\" \/>\n<meta name=\"twitter:site\" content=\"@AmbaGnFrPtIl\" \/>\n<meta name=\"twitter:label1\" content=\"\u00c9crit par\" \/>\n\t<meta name=\"twitter:data1\" content=\"sl-wpressuser\" \/>\n\t<meta name=\"twitter:label2\" content=\"Dur\u00e9e de lecture estim\u00e9e\" \/>\n\t<meta name=\"twitter:data2\" content=\"1 minute\" \/>\n<script type=\"application\/ld+json\" class=\"yoast-schema-graph\">{\"@context\":\"https:\/\/schema.org\",\"@graph\":[{\"@type\":\"Article\",\"@id\":\"https:\/\/sl.ambaguinee.org\/?p=78441#article\",\"isPartOf\":{\"@id\":\"https:\/\/sl.ambaguinee.org\/?p=78441\"},\"author\":{\"name\":\"sl-wpressuser\",\"@id\":\"https:\/\/sl.ambaguinee.org\/#\/schema\/person\/1146b0d060c263267a3d87e0264e433d\"},\"headline\":\"Le Syli aux JO de Paris : autorit\u00e9s, Comit\u00e9, minist\u00e8re, diaspora, public..la F\u00e9guifoot apelle \u00e0 la mobilisation\",\"datePublished\":\"2024-06-24T21:03:32+00:00\",\"dateModified\":\"2024-06-24T21:03:32+00:00\",\"mainEntityOfPage\":{\"@id\":\"https:\/\/sl.ambaguinee.org\/?p=78441\"},\"wordCount\":271,\"publisher\":{\"@id\":\"https:\/\/sl.ambaguinee.org\/#organization\"},\"articleSection\":[\"Sports\"],\"inLanguage\":\"fr-FR\"},{\"@type\":\"WebPage\",\"@id\":\"https:\/\/sl.ambaguinee.org\/?p=78441\",\"url\":\"https:\/\/sl.ambaguinee.org\/?p=78441\",\"name\":\"Le Syli aux JO de Paris : autorit\u00e9s, Comit\u00e9, minist\u00e8re, diaspora, public..la F\u00e9guifoot apelle \u00e0 la mobilisation - Ambassade de Guin\u00e9e en Sierra L\u00e9one\",\"isPartOf\":{\"@id\":\"https:\/\/sl.ambaguinee.org\/#website\"},\"datePublished\":\"2024-06-24T21:03:32+00:00\",\"dateModified\":\"2024-06-24T21:03:32+00:00\",\"breadcrumb\":{\"@id\":\"https:\/\/sl.ambaguinee.org\/?p=78441#breadcrumb\"},\"inLanguage\":\"fr-FR\",\"potentialAction\":[{\"@type\":\"ReadAction\",\"target\":[\"https:\/\/sl.ambaguinee.org\/?p=78441\"]}]},{\"@type\":\"BreadcrumbList\",\"@id\":\"https:\/\/sl.ambaguinee.org\/?p=78441#breadcrumb\",\"itemListElement\":[{\"@type\":\"ListItem\",\"position\":1,\"name\":\"Accueil\",\"item\":\"https:\/\/sl.ambaguinee.org\/\"},{\"@type\":\"ListItem\",\"position\":2,\"name\":\"Le Syli aux JO de Paris : autorit\u00e9s, Comit\u00e9, minist\u00e8re, diaspora, public..la F\u00e9guifoot apelle \u00e0 la mobilisation\"}]},{\"@type\":\"WebSite\",\"@id\":\"https:\/\/sl.ambaguinee.org\/#website\",\"url\":\"https:\/\/sl.ambaguinee.org\/\",\"name\":\"Ambassade de Guin\u00e9e en Sierra L\u00e9one\",\"description\":\"Ambassade de Guin\u00e9e en Sierra L\u00e9one\",\"publisher\":{\"@id\":\"https:\/\/sl.ambaguinee.org\/#organization\"},\"potentialAction\":[{\"@type\":\"SearchAction\",\"target\":{\"@type\":\"EntryPoint\",\"urlTemplate\":\"https:\/\/sl.ambaguinee.org\/?s={search_term_string}\"},\"query-input\":\"required name=search_term_string\"}],\"inLanguage\":\"fr-FR\"},{\"@type\":\"Organization\",\"@id\":\"https:\/\/sl.ambaguinee.org\/#organization\",\"name\":\"Ambassade de la R\u00e9publique Guin\u00e9e en France\",\"url\":\"https:\/\/sl.ambaguinee.org\/\",\"logo\":{\"@type\":\"ImageObject\",\"inLanguage\":\"fr-FR\",\"@id\":\"https:\/\/sl.ambaguinee.org\/#\/schema\/logo\/image\/\",\"url\":\"https:\/\/sl.ambaguinee.org\/wp-content\/uploads\/2024\/06\/Logo-devise-Guinee-miniature.png\",\"contentUrl\":\"https:\/\/sl.ambaguinee.org\/wp-content\/uploads\/2024\/06\/Logo-devise-Guinee-miniature.png\",\"width\":170,\"height\":200,\"caption\":\"Ambassade de la R\u00e9publique Guin\u00e9e en France\"},\"image\":{\"@id\":\"https:\/\/sl.ambaguinee.org\/#\/schema\/logo\/image\/\"},\"sameAs\":[\"https:\/\/www.facebook.com\/ambaguiparis\",\"https:\/\/twitter.com\/AmbaGnFrPtIl\"]},{\"@type\":\"Person\",\"@id\":\"https:\/\/sl.ambaguinee.org\/#\/schema\/person\/1146b0d060c263267a3d87e0264e433d\",\"name\":\"sl-wpressuser\",\"image\":{\"@type\":\"ImageObject\",\"inLanguage\":\"fr-FR\",\"@id\":\"https:\/\/sl.ambaguinee.org\/#\/schema\/person\/image\/\",\"url\":\"https:\/\/secure.gravatar.com\/avatar\/8919cf3f42b825f8e35d147e4b19e946172e07fc82a728c3934e79f4238a76b3?s=96&d=mm&r=g\",\"contentUrl\":\"https:\/\/secure.gravatar.com\/avatar\/8919cf3f42b825f8e35d147e4b19e946172e07fc82a728c3934e79f4238a76b3?s=96&d=mm&r=g\",\"caption\":\"sl-wpressuser\"},\"sameAs\":[\"https:\/\/sl.ambaguinee.org\"],\"url\":\"https:\/\/sl.ambaguinee.org\/?author=1\"}]}<\/script>\n<!-- \/ Yoast SEO plugin. -->","yoast_head_json":{"title":"Le Syli aux JO de Paris : autorit\u00e9s, Comit\u00e9, minist\u00e8re, diaspora, public..la F\u00e9guifoot apelle \u00e0 la mobilisation - Ambassade de Guin\u00e9e en Sierra L\u00e9one","robots":{"index":"index","follow":"follow","max-snippet":"max-snippet:-1","max-image-preview":"max-image-preview:large","max-video-preview":"max-video-preview:-1"},"canonical":"https:\/\/sl.ambaguinee.org\/?p=78441","og_locale":"fr_FR","og_type":"article","og_title":"Le Syli aux JO de Paris : autorit\u00e9s, Comit\u00e9, minist\u00e8re, diaspora, public..la F\u00e9guifoot apelle \u00e0 la mobilisation - Ambassade de Guin\u00e9e en Sierra L\u00e9one","og_description":"CONAKRY- La Guin\u00e9e s\u2019appr\u00eate \u00e0 faire son grand retour aux Jeux Olympiques, plus de 50 ans apr\u00e8s sa derni\u00e8re participation \u00e0 cette comp\u00e9tition d\u2019envergure plan\u00e9taire. Apr\u00e8s avoir brillamment obtenu sa qualification devant l\u2019Indon\u00e9sie, le Syli National U-23 va prendre part aux JO aux c\u00f4t\u00e9s du pays h\u00f4te Fran\u00e7ais, des \u00c9tats-Unis et de la Nouvelle-Z\u00e9lande. Avant &hellip;","og_url":"https:\/\/sl.ambaguinee.org\/?p=78441","og_site_name":"Ambassade de Guin\u00e9e en Sierra L\u00e9one","article_publisher":"https:\/\/www.facebook.com\/ambaguiparis","article_published_time":"2024-06-24T21:03:32+00:00","og_image":[{"url":"https:\/\/sl.ambaguinee.org\/wp-content\/uploads\/2024\/06\/FB_IMG_1719082035139.jpg"}],"author":"sl-wpressuser","twitter_card":"summary_large_image","twitter_creator":"@AmbaGnFrPtIl","twitter_site":"@AmbaGnFrPtIl","twitter_misc":{"\u00c9crit par":"sl-wpressuser","Dur\u00e9e de lecture estim\u00e9e":"1 minute"},"schema":{"@context":"https:\/\/schema.org","@graph":[{"@type":"Article","@id":"https:\/\/sl.ambaguinee.org\/?p=78441#article","isPartOf":{"@id":"https:\/\/sl.ambaguinee.org\/?p=78441"},"author":{"name":"sl-wpressuser","@id":"https:\/\/sl.ambaguinee.org\/#\/schema\/person\/1146b0d060c263267a3d87e0264e433d"},"headline":"Le Syli aux JO de Paris : autorit\u00e9s, Comit\u00e9, minist\u00e8re, diaspora, public..la F\u00e9guifoot apelle \u00e0 la mobilisation","datePublished":"2024-06-24T21:03:32+00:00","dateModified":"2024-06-24T21:03:32+00:00","mainEntityOfPage":{"@id":"https:\/\/sl.ambaguinee.org\/?p=78441"},"wordCount":271,"publisher":{"@id":"https:\/\/sl.ambaguinee.org\/#organization"},"articleSection":["Sports"],"inLanguage":"fr-FR"},{"@type":"WebPage","@id":"https:\/\/sl.ambaguinee.org\/?p=78441","url":"https:\/\/sl.ambaguinee.org\/?p=78441","name":"Le Syli aux JO de Paris : autorit\u00e9s, Comit\u00e9, minist\u00e8re, diaspora, public..la F\u00e9guifoot apelle \u00e0 la mobilisation - Ambassade de Guin\u00e9e en Sierra L\u00e9one","isPartOf":{"@id":"https:\/\/sl.ambaguinee.org\/#website"},"datePublished":"2024-06-24T21:03:32+00:00","dateModified":"2024-06-24T21:03:32+00:00","breadcrumb":{"@id":"https:\/\/sl.ambaguinee.org\/?p=78441#breadcrumb"},"inLanguage":"fr-FR","potentialAction":[{"@type":"ReadAction","target":["https:\/\/sl.ambaguinee.org\/?p=78441"]}]},{"@type":"BreadcrumbList","@id":"https:\/\/sl.ambaguinee.org\/?p=78441#breadcrumb","itemListElement":[{"@type":"ListItem","position":1,"name":"Accueil","item":"https:\/\/sl.ambaguinee.org\/"},{"@type":"ListItem","position":2,"name":"Le Syli aux JO de Paris : autorit\u00e9s, Comit\u00e9, minist\u00e8re, diaspora, public..la F\u00e9guifoot apelle \u00e0 la mobilisation"}]},{"@type":"WebSite","@id":"https:\/\/sl.ambaguinee.org\/#website","url":"https:\/\/sl.ambaguinee.org\/","name":"Ambassade de Guin\u00e9e en Sierra L\u00e9one","description":"Ambassade de Guin\u00e9e en Sierra L\u00e9one","publisher":{"@id":"https:\/\/sl.ambaguinee.org\/#organization"},"potentialAction":[{"@type":"SearchAction","target":{"@type":"EntryPoint","urlTemplate":"https:\/\/sl.ambaguinee.org\/?s={search_term_string}"},"query-input":"required name=search_term_string"}],"inLanguage":"fr-FR"},{"@type":"Organization","@id":"https:\/\/sl.ambaguinee.org\/#organization","name":"Ambassade de la R\u00e9publique Guin\u00e9e en France","url":"https:\/\/sl.ambaguinee.org\/","logo":{"@type":"ImageObject","inLanguage":"fr-FR","@id":"https:\/\/sl.ambaguinee.org\/#\/schema\/logo\/image\/","url":"https:\/\/sl.ambaguinee.org\/wp-content\/uploads\/2024\/06\/Logo-devise-Guinee-miniature.png","contentUrl":"https:\/\/sl.ambaguinee.org\/wp-content\/uploads\/2024\/06\/Logo-devise-Guinee-miniature.png","width":170,"height":200,"caption":"Ambassade de la R\u00e9publique Guin\u00e9e en France"},"image":{"@id":"https:\/\/sl.ambaguinee.org\/#\/schema\/logo\/image\/"},"sameAs":["https:\/\/www.facebook.com\/ambaguiparis","https:\/\/twitter.com\/AmbaGnFrPtIl"]},{"@type":"Person","@id":"https:\/\/sl.ambaguinee.org\/#\/schema\/person\/1146b0d060c263267a3d87e0264e433d","name":"sl-wpressuser","image":{"@type":"ImageObject","inLanguage":"fr-FR","@id":"https:\/\/sl.ambaguinee.org\/#\/schema\/person\/image\/","url":"https:\/\/secure.gravatar.com\/avatar\/8919cf3f42b825f8e35d147e4b19e946172e07fc82a728c3934e79f4238a76b3?s=96&d=mm&r=g","contentUrl":"https:\/\/secure.gravatar.com\/avatar\/8919cf3f42b825f8e35d147e4b19e946172e07fc82a728c3934e79f4238a76b3?s=96&d=mm&r=g","caption":"sl-wpressuser"},"sameAs":["https:\/\/sl.ambaguinee.org"],"url":"https:\/\/sl.ambaguinee.org\/?author=1"}]}},"_links":{"self":[{"href":"https:\/\/sl.ambaguinee.org\/index.php?rest_route=\/wp\/v2\/posts\/78441","targetHints":{"allow":["GET"]}}],"collection":[{"href":"https:\/\/sl.ambaguinee.org\/index.php?rest_route=\/wp\/v2\/posts"}],"about":[{"href":"https:\/\/sl.ambaguinee.org\/index.php?rest_route=\/wp\/v2\/types\/post"}],"author":[{"embeddable":true,"href":"https:\/\/sl.ambaguinee.org\/index.php?rest_route=\/wp\/v2\/users\/1"}],"replies":[{"embeddable":true,"href":"https:\/\/sl.ambaguinee.org\/index.php?rest_route=%2Fwp%2Fv2%2Fcomments&post=78441"}],"version-history":[{"count":0,"href":"https:\/\/sl.ambaguinee.org\/index.php?rest_route=\/wp\/v2\/posts\/78441\/revisions"}],"wp:attachment":[{"href":"https:\/\/sl.ambaguinee.org\/index.php?rest_route=%2Fwp%2Fv2%2Fmedia&parent=78441"}],"wp:term":[{"taxonomy":"category","embeddable":true,"href":"https:\/\/sl.ambaguinee.org\/index.php?rest_route=%2Fwp%2Fv2%2Fcategories&post=78441"},{"taxonomy":"post_tag","embeddable":true,"href":"https:\/\/sl.ambaguinee.org\/index.php?rest_route=%2Fwp%2Fv2%2Ftags&post=78441"}],"curies":[{"name":"wp","href":"https:\/\/api.w.org\/{rel}","templated":true}]}}