{"id":78377,"date":"2024-06-22T23:03:24","date_gmt":"2024-06-22T21:03:24","guid":{"rendered":"https:\/\/sl.ambaguinee.org\/?p=78377"},"modified":"2024-06-22T23:03:24","modified_gmt":"2024-06-22T21:03:24","slug":"incidents-ask-milo-presence-remarquee-du-president-bouba-sampil-lacte-du-rassembleur","status":"publish","type":"post","link":"https:\/\/sl.ambaguinee.org\/?p=78377","title":{"rendered":"Incidents ASK-MILO : pr\u00e9sence remarqu\u00e9e du pr\u00e9sident Bouba Sampil, l\u2019acte du rassembleur"},"content":{"rendered":"<div>\n<p><strong>KALOUM- Le match qui a oppos\u00e9 l\u2019AS Kaloum au Milo FC ce vendredi \u00e0 Kaloum, dans le cadre de la 24e journ\u00e9e du champion de Guin\u00e9e de Ligue 1, n\u2019est pas all\u00e9 \u00e0 son terme. En cause, \u00e0 la mi-temps, quelques incidents mineurs ont \u00e9t\u00e9 enregistr\u00e9s, et les joueurs du Milo FC ont refus\u00e9 de continuer le match, poussant l\u2019arbitre \u00e0 mettre un terme \u00e0 la rencontre<\/strong>. <\/p>\n<p>Lors de l\u2019arr\u00eat du match, le Pr\u00e9sident de la f\u00e9d\u00e9ration Guin\u00e9enne de Football, en bon responsable du football guin\u00e9en, est apparu au stade de la mission pour calmer les ardeurs des deux c\u00f4t\u00e9s. Applaudi par le stade pour son geste hautement responsable, la venue du premier responsable du cuir rond en bon p\u00e8re de famille, aura aussit\u00f4t port\u00e9 ses fruits. Juste \u00e0 sa sortie du stade pour aller continuer son travail \u00e0 la F\u00e9guifoot non loin dudit stade, les choses sont revenues \u00e0 la normale et les nerfs se sont calm\u00e9s. Malheureusement, les joueurs du Milo et leur staff technique, ont pris la mesure de ne plus poursuivre la rencontre alors qu\u2019ils menaient (1-0). \u00c9tant le premier responsable du football guin\u00e9en, Bouba Sampil, comme \u00e0 ses habitudes, s\u2019est toujours impliqu\u00e9 pour l\u2019union, l\u2019harmonie, la coh\u00e9sion et l\u2019entente entre tous les acteurs, gage de tout d\u00e9veloppement de notre football.<\/p>\n<p>Derni\u00e8rement, l\u2019AS Kaloum a perdu sur tapis vert (3-0) devant Loubha lors du match qui a aussi connu quelques violences \u00e0 Kindia, et Aboubacar Sampil, contrairement \u00e0 ce que pr\u00e9tendent certains, n\u2019a jamais us\u00e9 de son pouvoir de pr\u00e9sident de la F\u00e9guifoot, pour influencer sur un quelconque r\u00e9sultat du club Kaloumiste. Bon \u00e0 savoir\u2026<\/p>\n<p><strong>GUINEEFOOT<\/strong> <\/p>\n<\/div>\n","protected":false},"excerpt":{"rendered":"<p>KALOUM- Le match qui a oppos\u00e9 l\u2019AS Kaloum au Milo FC ce vendredi \u00e0 Kaloum, dans le cadre de la 24e journ\u00e9e du champion de Guin\u00e9e de Ligue 1, n\u2019est pas all\u00e9 \u00e0 son terme. En cause, \u00e0 la mi-temps, quelques incidents mineurs ont \u00e9t\u00e9 enregistr\u00e9s, et les joueurs du Milo FC ont refus\u00e9 de &hellip;<\/p>\n","protected":false},"author":1,"featured_media":0,"comment_status":"closed","ping_status":"closed","sticky":false,"template":"","format":"standard","meta":{"footnotes":""},"categories":[4],"tags":[],"class_list":["post-78377","post","type-post","status-publish","format-standard","hentry","category-sports"],"yoast_head":"<!-- This site is optimized with the Yoast SEO plugin v21.0 - https:\/\/yoast.com\/wordpress\/plugins\/seo\/ -->\n<title>Incidents ASK-MILO : pr\u00e9sence remarqu\u00e9e du pr\u00e9sident Bouba Sampil, l\u2019acte du rassembleur - Ambassade de Guin\u00e9e en Sierra L\u00e9one<\/title>\n<meta name=\"robots\" content=\"index, follow, max-snippet:-1, max-image-preview:large, max-video-preview:-1\" \/>\n<link rel=\"canonical\" href=\"https:\/\/sl.ambaguinee.org\/?p=78377\" \/>\n<meta property=\"og:locale\" content=\"fr_FR\" \/>\n<meta property=\"og:type\" content=\"article\" \/>\n<meta property=\"og:title\" content=\"Incidents ASK-MILO : pr\u00e9sence remarqu\u00e9e du pr\u00e9sident Bouba Sampil, l\u2019acte du rassembleur - Ambassade de Guin\u00e9e en Sierra L\u00e9one\" \/>\n<meta property=\"og:description\" content=\"KALOUM- Le match qui a oppos\u00e9 l\u2019AS Kaloum au Milo FC ce vendredi \u00e0 Kaloum, dans le cadre de la 24e journ\u00e9e du champion de Guin\u00e9e de Ligue 1, n\u2019est pas all\u00e9 \u00e0 son terme. En cause, \u00e0 la mi-temps, quelques incidents mineurs ont \u00e9t\u00e9 enregistr\u00e9s, et les joueurs du Milo FC ont refus\u00e9 de &hellip;\" \/>\n<meta property=\"og:url\" content=\"https:\/\/sl.ambaguinee.org\/?p=78377\" \/>\n<meta property=\"og:site_name\" content=\"Ambassade de Guin\u00e9e en Sierra L\u00e9one\" \/>\n<meta property=\"article:publisher\" content=\"https:\/\/www.facebook.com\/ambaguiparis\" \/>\n<meta property=\"article:published_time\" content=\"2024-06-22T21:03:24+00:00\" \/>\n<meta name=\"author\" content=\"sl-wpressuser\" \/>\n<meta name=\"twitter:card\" content=\"summary_large_image\" \/>\n<meta name=\"twitter:creator\" content=\"@AmbaGnFrPtIl\" \/>\n<meta name=\"twitter:site\" content=\"@AmbaGnFrPtIl\" \/>\n<meta name=\"twitter:label1\" content=\"\u00c9crit par\" \/>\n\t<meta name=\"twitter:data1\" content=\"sl-wpressuser\" \/>\n\t<meta name=\"twitter:label2\" content=\"Dur\u00e9e de lecture estim\u00e9e\" \/>\n\t<meta name=\"twitter:data2\" content=\"1 minute\" \/>\n<script type=\"application\/ld+json\" class=\"yoast-schema-graph\">{\"@context\":\"https:\/\/schema.org\",\"@graph\":[{\"@type\":\"Article\",\"@id\":\"https:\/\/sl.ambaguinee.org\/?p=78377#article\",\"isPartOf\":{\"@id\":\"https:\/\/sl.ambaguinee.org\/?p=78377\"},\"author\":{\"name\":\"sl-wpressuser\",\"@id\":\"https:\/\/sl.ambaguinee.org\/#\/schema\/person\/1146b0d060c263267a3d87e0264e433d\"},\"headline\":\"Incidents ASK-MILO : pr\u00e9sence remarqu\u00e9e du pr\u00e9sident Bouba Sampil, l\u2019acte du rassembleur\",\"datePublished\":\"2024-06-22T21:03:24+00:00\",\"dateModified\":\"2024-06-22T21:03:24+00:00\",\"mainEntityOfPage\":{\"@id\":\"https:\/\/sl.ambaguinee.org\/?p=78377\"},\"wordCount\":306,\"publisher\":{\"@id\":\"https:\/\/sl.ambaguinee.org\/#organization\"},\"articleSection\":[\"Sports\"],\"inLanguage\":\"fr-FR\"},{\"@type\":\"WebPage\",\"@id\":\"https:\/\/sl.ambaguinee.org\/?p=78377\",\"url\":\"https:\/\/sl.ambaguinee.org\/?p=78377\",\"name\":\"Incidents ASK-MILO : pr\u00e9sence remarqu\u00e9e du pr\u00e9sident Bouba Sampil, l\u2019acte du rassembleur - Ambassade de Guin\u00e9e en Sierra L\u00e9one\",\"isPartOf\":{\"@id\":\"https:\/\/sl.ambaguinee.org\/#website\"},\"datePublished\":\"2024-06-22T21:03:24+00:00\",\"dateModified\":\"2024-06-22T21:03:24+00:00\",\"breadcrumb\":{\"@id\":\"https:\/\/sl.ambaguinee.org\/?p=78377#breadcrumb\"},\"inLanguage\":\"fr-FR\",\"potentialAction\":[{\"@type\":\"ReadAction\",\"target\":[\"https:\/\/sl.ambaguinee.org\/?p=78377\"]}]},{\"@type\":\"BreadcrumbList\",\"@id\":\"https:\/\/sl.ambaguinee.org\/?p=78377#breadcrumb\",\"itemListElement\":[{\"@type\":\"ListItem\",\"position\":1,\"name\":\"Accueil\",\"item\":\"https:\/\/sl.ambaguinee.org\/\"},{\"@type\":\"ListItem\",\"position\":2,\"name\":\"Incidents ASK-MILO : pr\u00e9sence remarqu\u00e9e du pr\u00e9sident Bouba Sampil, l\u2019acte du rassembleur\"}]},{\"@type\":\"WebSite\",\"@id\":\"https:\/\/sl.ambaguinee.org\/#website\",\"url\":\"https:\/\/sl.ambaguinee.org\/\",\"name\":\"Ambassade de Guin\u00e9e en Sierra L\u00e9one\",\"description\":\"Ambassade de Guin\u00e9e en Sierra L\u00e9one\",\"publisher\":{\"@id\":\"https:\/\/sl.ambaguinee.org\/#organization\"},\"potentialAction\":[{\"@type\":\"SearchAction\",\"target\":{\"@type\":\"EntryPoint\",\"urlTemplate\":\"https:\/\/sl.ambaguinee.org\/?s={search_term_string}\"},\"query-input\":\"required name=search_term_string\"}],\"inLanguage\":\"fr-FR\"},{\"@type\":\"Organization\",\"@id\":\"https:\/\/sl.ambaguinee.org\/#organization\",\"name\":\"Ambassade de la R\u00e9publique Guin\u00e9e en France\",\"url\":\"https:\/\/sl.ambaguinee.org\/\",\"logo\":{\"@type\":\"ImageObject\",\"inLanguage\":\"fr-FR\",\"@id\":\"https:\/\/sl.ambaguinee.org\/#\/schema\/logo\/image\/\",\"url\":\"https:\/\/sl.ambaguinee.org\/wp-content\/uploads\/2024\/06\/Logo-devise-Guinee-miniature.png\",\"contentUrl\":\"https:\/\/sl.ambaguinee.org\/wp-content\/uploads\/2024\/06\/Logo-devise-Guinee-miniature.png\",\"width\":170,\"height\":200,\"caption\":\"Ambassade de la R\u00e9publique Guin\u00e9e en France\"},\"image\":{\"@id\":\"https:\/\/sl.ambaguinee.org\/#\/schema\/logo\/image\/\"},\"sameAs\":[\"https:\/\/www.facebook.com\/ambaguiparis\",\"https:\/\/twitter.com\/AmbaGnFrPtIl\"]},{\"@type\":\"Person\",\"@id\":\"https:\/\/sl.ambaguinee.org\/#\/schema\/person\/1146b0d060c263267a3d87e0264e433d\",\"name\":\"sl-wpressuser\",\"image\":{\"@type\":\"ImageObject\",\"inLanguage\":\"fr-FR\",\"@id\":\"https:\/\/sl.ambaguinee.org\/#\/schema\/person\/image\/\",\"url\":\"https:\/\/secure.gravatar.com\/avatar\/8919cf3f42b825f8e35d147e4b19e946172e07fc82a728c3934e79f4238a76b3?s=96&d=mm&r=g\",\"contentUrl\":\"https:\/\/secure.gravatar.com\/avatar\/8919cf3f42b825f8e35d147e4b19e946172e07fc82a728c3934e79f4238a76b3?s=96&d=mm&r=g\",\"caption\":\"sl-wpressuser\"},\"sameAs\":[\"https:\/\/sl.ambaguinee.org\"],\"url\":\"https:\/\/sl.ambaguinee.org\/?author=1\"}]}<\/script>\n<!-- \/ Yoast SEO plugin. -->","yoast_head_json":{"title":"Incidents ASK-MILO : pr\u00e9sence remarqu\u00e9e du pr\u00e9sident Bouba Sampil, l\u2019acte du rassembleur - Ambassade de Guin\u00e9e en Sierra L\u00e9one","robots":{"index":"index","follow":"follow","max-snippet":"max-snippet:-1","max-image-preview":"max-image-preview:large","max-video-preview":"max-video-preview:-1"},"canonical":"https:\/\/sl.ambaguinee.org\/?p=78377","og_locale":"fr_FR","og_type":"article","og_title":"Incidents ASK-MILO : pr\u00e9sence remarqu\u00e9e du pr\u00e9sident Bouba Sampil, l\u2019acte du rassembleur - Ambassade de Guin\u00e9e en Sierra L\u00e9one","og_description":"KALOUM- Le match qui a oppos\u00e9 l\u2019AS Kaloum au Milo FC ce vendredi \u00e0 Kaloum, dans le cadre de la 24e journ\u00e9e du champion de Guin\u00e9e de Ligue 1, n\u2019est pas all\u00e9 \u00e0 son terme. En cause, \u00e0 la mi-temps, quelques incidents mineurs ont \u00e9t\u00e9 enregistr\u00e9s, et les joueurs du Milo FC ont refus\u00e9 de &hellip;","og_url":"https:\/\/sl.ambaguinee.org\/?p=78377","og_site_name":"Ambassade de Guin\u00e9e en Sierra L\u00e9one","article_publisher":"https:\/\/www.facebook.com\/ambaguiparis","article_published_time":"2024-06-22T21:03:24+00:00","author":"sl-wpressuser","twitter_card":"summary_large_image","twitter_creator":"@AmbaGnFrPtIl","twitter_site":"@AmbaGnFrPtIl","twitter_misc":{"\u00c9crit par":"sl-wpressuser","Dur\u00e9e de lecture estim\u00e9e":"1 minute"},"schema":{"@context":"https:\/\/schema.org","@graph":[{"@type":"Article","@id":"https:\/\/sl.ambaguinee.org\/?p=78377#article","isPartOf":{"@id":"https:\/\/sl.ambaguinee.org\/?p=78377"},"author":{"name":"sl-wpressuser","@id":"https:\/\/sl.ambaguinee.org\/#\/schema\/person\/1146b0d060c263267a3d87e0264e433d"},"headline":"Incidents ASK-MILO : pr\u00e9sence remarqu\u00e9e du pr\u00e9sident Bouba Sampil, l\u2019acte du rassembleur","datePublished":"2024-06-22T21:03:24+00:00","dateModified":"2024-06-22T21:03:24+00:00","mainEntityOfPage":{"@id":"https:\/\/sl.ambaguinee.org\/?p=78377"},"wordCount":306,"publisher":{"@id":"https:\/\/sl.ambaguinee.org\/#organization"},"articleSection":["Sports"],"inLanguage":"fr-FR"},{"@type":"WebPage","@id":"https:\/\/sl.ambaguinee.org\/?p=78377","url":"https:\/\/sl.ambaguinee.org\/?p=78377","name":"Incidents ASK-MILO : pr\u00e9sence remarqu\u00e9e du pr\u00e9sident Bouba Sampil, l\u2019acte du rassembleur - Ambassade de Guin\u00e9e en Sierra L\u00e9one","isPartOf":{"@id":"https:\/\/sl.ambaguinee.org\/#website"},"datePublished":"2024-06-22T21:03:24+00:00","dateModified":"2024-06-22T21:03:24+00:00","breadcrumb":{"@id":"https:\/\/sl.ambaguinee.org\/?p=78377#breadcrumb"},"inLanguage":"fr-FR","potentialAction":[{"@type":"ReadAction","target":["https:\/\/sl.ambaguinee.org\/?p=78377"]}]},{"@type":"BreadcrumbList","@id":"https:\/\/sl.ambaguinee.org\/?p=78377#breadcrumb","itemListElement":[{"@type":"ListItem","position":1,"name":"Accueil","item":"https:\/\/sl.ambaguinee.org\/"},{"@type":"ListItem","position":2,"name":"Incidents ASK-MILO : pr\u00e9sence remarqu\u00e9e du pr\u00e9sident Bouba Sampil, l\u2019acte du rassembleur"}]},{"@type":"WebSite","@id":"https:\/\/sl.ambaguinee.org\/#website","url":"https:\/\/sl.ambaguinee.org\/","name":"Ambassade de Guin\u00e9e en Sierra L\u00e9one","description":"Ambassade de Guin\u00e9e en Sierra L\u00e9one","publisher":{"@id":"https:\/\/sl.ambaguinee.org\/#organization"},"potentialAction":[{"@type":"SearchAction","target":{"@type":"EntryPoint","urlTemplate":"https:\/\/sl.ambaguinee.org\/?s={search_term_string}"},"query-input":"required name=search_term_string"}],"inLanguage":"fr-FR"},{"@type":"Organization","@id":"https:\/\/sl.ambaguinee.org\/#organization","name":"Ambassade de la R\u00e9publique Guin\u00e9e en France","url":"https:\/\/sl.ambaguinee.org\/","logo":{"@type":"ImageObject","inLanguage":"fr-FR","@id":"https:\/\/sl.ambaguinee.org\/#\/schema\/logo\/image\/","url":"https:\/\/sl.ambaguinee.org\/wp-content\/uploads\/2024\/06\/Logo-devise-Guinee-miniature.png","contentUrl":"https:\/\/sl.ambaguinee.org\/wp-content\/uploads\/2024\/06\/Logo-devise-Guinee-miniature.png","width":170,"height":200,"caption":"Ambassade de la R\u00e9publique Guin\u00e9e en France"},"image":{"@id":"https:\/\/sl.ambaguinee.org\/#\/schema\/logo\/image\/"},"sameAs":["https:\/\/www.facebook.com\/ambaguiparis","https:\/\/twitter.com\/AmbaGnFrPtIl"]},{"@type":"Person","@id":"https:\/\/sl.ambaguinee.org\/#\/schema\/person\/1146b0d060c263267a3d87e0264e433d","name":"sl-wpressuser","image":{"@type":"ImageObject","inLanguage":"fr-FR","@id":"https:\/\/sl.ambaguinee.org\/#\/schema\/person\/image\/","url":"https:\/\/secure.gravatar.com\/avatar\/8919cf3f42b825f8e35d147e4b19e946172e07fc82a728c3934e79f4238a76b3?s=96&d=mm&r=g","contentUrl":"https:\/\/secure.gravatar.com\/avatar\/8919cf3f42b825f8e35d147e4b19e946172e07fc82a728c3934e79f4238a76b3?s=96&d=mm&r=g","caption":"sl-wpressuser"},"sameAs":["https:\/\/sl.ambaguinee.org"],"url":"https:\/\/sl.ambaguinee.org\/?author=1"}]}},"_links":{"self":[{"href":"https:\/\/sl.ambaguinee.org\/index.php?rest_route=\/wp\/v2\/posts\/78377","targetHints":{"allow":["GET"]}}],"collection":[{"href":"https:\/\/sl.ambaguinee.org\/index.php?rest_route=\/wp\/v2\/posts"}],"about":[{"href":"https:\/\/sl.ambaguinee.org\/index.php?rest_route=\/wp\/v2\/types\/post"}],"author":[{"embeddable":true,"href":"https:\/\/sl.ambaguinee.org\/index.php?rest_route=\/wp\/v2\/users\/1"}],"replies":[{"embeddable":true,"href":"https:\/\/sl.ambaguinee.org\/index.php?rest_route=%2Fwp%2Fv2%2Fcomments&post=78377"}],"version-history":[{"count":0,"href":"https:\/\/sl.ambaguinee.org\/index.php?rest_route=\/wp\/v2\/posts\/78377\/revisions"}],"wp:attachment":[{"href":"https:\/\/sl.ambaguinee.org\/index.php?rest_route=%2Fwp%2Fv2%2Fmedia&parent=78377"}],"wp:term":[{"taxonomy":"category","embeddable":true,"href":"https:\/\/sl.ambaguinee.org\/index.php?rest_route=%2Fwp%2Fv2%2Fcategories&post=78377"},{"taxonomy":"post_tag","embeddable":true,"href":"https:\/\/sl.ambaguinee.org\/index.php?rest_route=%2Fwp%2Fv2%2Ftags&post=78377"}],"curies":[{"name":"wp","href":"https:\/\/api.w.org\/{rel}","templated":true}]}}