{"id":78286,"date":"2024-06-20T23:03:26","date_gmt":"2024-06-20T21:03:26","guid":{"rendered":"https:\/\/sl.ambaguinee.org\/?p=78286"},"modified":"2024-06-20T23:03:26","modified_gmt":"2024-06-20T21:03:26","slug":"transfert-mady-camara-au-paok-pour-3-saisons-officiel","status":"publish","type":"post","link":"https:\/\/sl.ambaguinee.org\/?p=78286","title":{"rendered":"Transfert : Mady Camara au PAOK pour 3 saisons (officiel)"},"content":{"rendered":"<div>\n<p><strong>ATH\u00c8NES- Nous vous l\u2019annoncions r\u00e9cemment, Mady Camara sera bel et bien joueur du PAOK Salonique la saison prochaine. Le milieu de terrain guin\u00e9en qui a \u00e9puis\u00e9 son contrat avec Olympiakos, rebondit au PAOK, le champion en titre de la Gr\u00e8ce<\/strong>. <\/p>\n<p>Ce jeudi, il a pass\u00e9 avec succ\u00e8s sa visite m\u00e9dicale pr\u00e9alable \u00e0 la signature de son contrat. Il est li\u00e9 \u00e0 son nouveau club pour les 3 proclam\u00e9s saisons. Une nouvelle aventure pour Mady Camara qui disputera notamment la Ligue des champions UEFA avec le PAOK qui compte sur ses qualit\u00e9s et son exp\u00e9rience. Une signature qui va lui permettre de retrouver le Syli ?<\/p>\n<figure class=\"wp-block-image size-large\"><img fetchpriority=\"high\" fetchpriority=\"high\" decoding=\"async\" width=\"576\" height=\"1024\"src=\"https:\/\/sl.ambaguinee.org\/wp-content\/uploads\/2024\/06\/20240620_140112.jpg\" alt=\"\" class=\"wp-image-51758\" srcset=\"https:\/\/usercontent.one\/wp\/guineefoot.info\/wp-content\/uploads\/2024\/06\/20240620_140112-576x1024.jpg 576w, https:\/\/usercontent.one\/wp\/guineefoot.info\/wp-content\/uploads\/2024\/06\/20240620_140112-169x300.jpg 169w, https:\/\/usercontent.one\/wp\/guineefoot.info\/wp-content\/uploads\/2024\/06\/20240620_140112-768x1365.jpg 768w, https:\/\/usercontent.one\/wp\/guineefoot.info\/wp-content\/uploads\/2024\/06\/20240620_140112-864x1536.jpg 864w, https:\/\/usercontent.one\/wp\/guineefoot.info\/wp-content\/uploads\/2024\/06\/20240620_140112-600x1067.jpg 600w, https:\/\/sl.ambaguinee.org\/wp-content\/uploads\/2024\/06\/20240620_140112.jpg 900w\" sizes=\"(max-width: 576px) 100vw, 576px\"><\/figure>\n<p><strong>ALPHA DIALLO<\/strong><\/p>\n<\/div>\n","protected":false},"excerpt":{"rendered":"<p>ATH\u00c8NES- Nous vous l\u2019annoncions r\u00e9cemment, Mady Camara sera bel et bien joueur du PAOK Salonique la saison prochaine. Le milieu de terrain guin\u00e9en qui a \u00e9puis\u00e9 son contrat avec Olympiakos, rebondit au PAOK, le champion en titre de la Gr\u00e8ce. Ce jeudi, il a pass\u00e9 avec succ\u00e8s sa visite m\u00e9dicale pr\u00e9alable \u00e0 la signature de &hellip;<\/p>\n","protected":false},"author":1,"featured_media":0,"comment_status":"closed","ping_status":"closed","sticky":false,"template":"","format":"standard","meta":{"footnotes":""},"categories":[4],"tags":[],"class_list":["post-78286","post","type-post","status-publish","format-standard","hentry","category-sports"],"yoast_head":"<!-- This site is optimized with the Yoast SEO plugin v21.0 - https:\/\/yoast.com\/wordpress\/plugins\/seo\/ -->\n<title>Transfert : Mady Camara au PAOK pour 3 saisons (officiel) - Ambassade de Guin\u00e9e en Sierra L\u00e9one<\/title>\n<meta name=\"robots\" content=\"index, follow, max-snippet:-1, max-image-preview:large, max-video-preview:-1\" \/>\n<link rel=\"canonical\" href=\"https:\/\/sl.ambaguinee.org\/?p=78286\" \/>\n<meta property=\"og:locale\" content=\"fr_FR\" \/>\n<meta property=\"og:type\" content=\"article\" \/>\n<meta property=\"og:title\" content=\"Transfert : Mady Camara au PAOK pour 3 saisons (officiel) - Ambassade de Guin\u00e9e en Sierra L\u00e9one\" \/>\n<meta property=\"og:description\" content=\"ATH\u00c8NES- Nous vous l\u2019annoncions r\u00e9cemment, Mady Camara sera bel et bien joueur du PAOK Salonique la saison prochaine. Le milieu de terrain guin\u00e9en qui a \u00e9puis\u00e9 son contrat avec Olympiakos, rebondit au PAOK, le champion en titre de la Gr\u00e8ce. Ce jeudi, il a pass\u00e9 avec succ\u00e8s sa visite m\u00e9dicale pr\u00e9alable \u00e0 la signature de &hellip;\" \/>\n<meta property=\"og:url\" content=\"https:\/\/sl.ambaguinee.org\/?p=78286\" \/>\n<meta property=\"og:site_name\" content=\"Ambassade de Guin\u00e9e en Sierra L\u00e9one\" \/>\n<meta property=\"article:publisher\" content=\"https:\/\/www.facebook.com\/ambaguiparis\" \/>\n<meta property=\"article:published_time\" content=\"2024-06-20T21:03:26+00:00\" \/>\n<meta property=\"og:image\" content=\"https:\/\/sl.ambaguinee.org\/wp-content\/uploads\/2024\/06\/20240620_140112.jpg\" \/>\n<meta name=\"author\" content=\"sl-wpressuser\" \/>\n<meta name=\"twitter:card\" content=\"summary_large_image\" \/>\n<meta name=\"twitter:creator\" content=\"@AmbaGnFrPtIl\" \/>\n<meta name=\"twitter:site\" content=\"@AmbaGnFrPtIl\" \/>\n<meta name=\"twitter:label1\" content=\"\u00c9crit par\" \/>\n\t<meta name=\"twitter:data1\" content=\"sl-wpressuser\" \/>\n\t<meta name=\"twitter:label2\" content=\"Dur\u00e9e de lecture estim\u00e9e\" \/>\n\t<meta name=\"twitter:data2\" content=\"1 minute\" \/>\n<script type=\"application\/ld+json\" class=\"yoast-schema-graph\">{\"@context\":\"https:\/\/schema.org\",\"@graph\":[{\"@type\":\"Article\",\"@id\":\"https:\/\/sl.ambaguinee.org\/?p=78286#article\",\"isPartOf\":{\"@id\":\"https:\/\/sl.ambaguinee.org\/?p=78286\"},\"author\":{\"name\":\"sl-wpressuser\",\"@id\":\"https:\/\/sl.ambaguinee.org\/#\/schema\/person\/1146b0d060c263267a3d87e0264e433d\"},\"headline\":\"Transfert : Mady Camara au PAOK pour 3 saisons (officiel)\",\"datePublished\":\"2024-06-20T21:03:26+00:00\",\"dateModified\":\"2024-06-20T21:03:26+00:00\",\"mainEntityOfPage\":{\"@id\":\"https:\/\/sl.ambaguinee.org\/?p=78286\"},\"wordCount\":122,\"publisher\":{\"@id\":\"https:\/\/sl.ambaguinee.org\/#organization\"},\"articleSection\":[\"Sports\"],\"inLanguage\":\"fr-FR\"},{\"@type\":\"WebPage\",\"@id\":\"https:\/\/sl.ambaguinee.org\/?p=78286\",\"url\":\"https:\/\/sl.ambaguinee.org\/?p=78286\",\"name\":\"Transfert : Mady Camara au PAOK pour 3 saisons (officiel) - Ambassade de Guin\u00e9e en Sierra L\u00e9one\",\"isPartOf\":{\"@id\":\"https:\/\/sl.ambaguinee.org\/#website\"},\"datePublished\":\"2024-06-20T21:03:26+00:00\",\"dateModified\":\"2024-06-20T21:03:26+00:00\",\"breadcrumb\":{\"@id\":\"https:\/\/sl.ambaguinee.org\/?p=78286#breadcrumb\"},\"inLanguage\":\"fr-FR\",\"potentialAction\":[{\"@type\":\"ReadAction\",\"target\":[\"https:\/\/sl.ambaguinee.org\/?p=78286\"]}]},{\"@type\":\"BreadcrumbList\",\"@id\":\"https:\/\/sl.ambaguinee.org\/?p=78286#breadcrumb\",\"itemListElement\":[{\"@type\":\"ListItem\",\"position\":1,\"name\":\"Accueil\",\"item\":\"https:\/\/sl.ambaguinee.org\/\"},{\"@type\":\"ListItem\",\"position\":2,\"name\":\"Transfert : Mady Camara au PAOK pour 3 saisons (officiel)\"}]},{\"@type\":\"WebSite\",\"@id\":\"https:\/\/sl.ambaguinee.org\/#website\",\"url\":\"https:\/\/sl.ambaguinee.org\/\",\"name\":\"Ambassade de Guin\u00e9e en Sierra L\u00e9one\",\"description\":\"Ambassade de Guin\u00e9e en Sierra L\u00e9one\",\"publisher\":{\"@id\":\"https:\/\/sl.ambaguinee.org\/#organization\"},\"potentialAction\":[{\"@type\":\"SearchAction\",\"target\":{\"@type\":\"EntryPoint\",\"urlTemplate\":\"https:\/\/sl.ambaguinee.org\/?s={search_term_string}\"},\"query-input\":\"required name=search_term_string\"}],\"inLanguage\":\"fr-FR\"},{\"@type\":\"Organization\",\"@id\":\"https:\/\/sl.ambaguinee.org\/#organization\",\"name\":\"Ambassade de la R\u00e9publique Guin\u00e9e en France\",\"url\":\"https:\/\/sl.ambaguinee.org\/\",\"logo\":{\"@type\":\"ImageObject\",\"inLanguage\":\"fr-FR\",\"@id\":\"https:\/\/sl.ambaguinee.org\/#\/schema\/logo\/image\/\",\"url\":\"https:\/\/sl.ambaguinee.org\/wp-content\/uploads\/2024\/06\/Logo-devise-Guinee-miniature.png\",\"contentUrl\":\"https:\/\/sl.ambaguinee.org\/wp-content\/uploads\/2024\/06\/Logo-devise-Guinee-miniature.png\",\"width\":170,\"height\":200,\"caption\":\"Ambassade de la R\u00e9publique Guin\u00e9e en France\"},\"image\":{\"@id\":\"https:\/\/sl.ambaguinee.org\/#\/schema\/logo\/image\/\"},\"sameAs\":[\"https:\/\/www.facebook.com\/ambaguiparis\",\"https:\/\/twitter.com\/AmbaGnFrPtIl\"]},{\"@type\":\"Person\",\"@id\":\"https:\/\/sl.ambaguinee.org\/#\/schema\/person\/1146b0d060c263267a3d87e0264e433d\",\"name\":\"sl-wpressuser\",\"image\":{\"@type\":\"ImageObject\",\"inLanguage\":\"fr-FR\",\"@id\":\"https:\/\/sl.ambaguinee.org\/#\/schema\/person\/image\/\",\"url\":\"https:\/\/secure.gravatar.com\/avatar\/8919cf3f42b825f8e35d147e4b19e946172e07fc82a728c3934e79f4238a76b3?s=96&d=mm&r=g\",\"contentUrl\":\"https:\/\/secure.gravatar.com\/avatar\/8919cf3f42b825f8e35d147e4b19e946172e07fc82a728c3934e79f4238a76b3?s=96&d=mm&r=g\",\"caption\":\"sl-wpressuser\"},\"sameAs\":[\"https:\/\/sl.ambaguinee.org\"],\"url\":\"https:\/\/sl.ambaguinee.org\/?author=1\"}]}<\/script>\n<!-- \/ Yoast SEO plugin. -->","yoast_head_json":{"title":"Transfert : Mady Camara au PAOK pour 3 saisons (officiel) - Ambassade de Guin\u00e9e en Sierra L\u00e9one","robots":{"index":"index","follow":"follow","max-snippet":"max-snippet:-1","max-image-preview":"max-image-preview:large","max-video-preview":"max-video-preview:-1"},"canonical":"https:\/\/sl.ambaguinee.org\/?p=78286","og_locale":"fr_FR","og_type":"article","og_title":"Transfert : Mady Camara au PAOK pour 3 saisons (officiel) - Ambassade de Guin\u00e9e en Sierra L\u00e9one","og_description":"ATH\u00c8NES- Nous vous l\u2019annoncions r\u00e9cemment, Mady Camara sera bel et bien joueur du PAOK Salonique la saison prochaine. Le milieu de terrain guin\u00e9en qui a \u00e9puis\u00e9 son contrat avec Olympiakos, rebondit au PAOK, le champion en titre de la Gr\u00e8ce. Ce jeudi, il a pass\u00e9 avec succ\u00e8s sa visite m\u00e9dicale pr\u00e9alable \u00e0 la signature de &hellip;","og_url":"https:\/\/sl.ambaguinee.org\/?p=78286","og_site_name":"Ambassade de Guin\u00e9e en Sierra L\u00e9one","article_publisher":"https:\/\/www.facebook.com\/ambaguiparis","article_published_time":"2024-06-20T21:03:26+00:00","og_image":[{"url":"https:\/\/sl.ambaguinee.org\/wp-content\/uploads\/2024\/06\/20240620_140112.jpg"}],"author":"sl-wpressuser","twitter_card":"summary_large_image","twitter_creator":"@AmbaGnFrPtIl","twitter_site":"@AmbaGnFrPtIl","twitter_misc":{"\u00c9crit par":"sl-wpressuser","Dur\u00e9e de lecture estim\u00e9e":"1 minute"},"schema":{"@context":"https:\/\/schema.org","@graph":[{"@type":"Article","@id":"https:\/\/sl.ambaguinee.org\/?p=78286#article","isPartOf":{"@id":"https:\/\/sl.ambaguinee.org\/?p=78286"},"author":{"name":"sl-wpressuser","@id":"https:\/\/sl.ambaguinee.org\/#\/schema\/person\/1146b0d060c263267a3d87e0264e433d"},"headline":"Transfert : Mady Camara au PAOK pour 3 saisons (officiel)","datePublished":"2024-06-20T21:03:26+00:00","dateModified":"2024-06-20T21:03:26+00:00","mainEntityOfPage":{"@id":"https:\/\/sl.ambaguinee.org\/?p=78286"},"wordCount":122,"publisher":{"@id":"https:\/\/sl.ambaguinee.org\/#organization"},"articleSection":["Sports"],"inLanguage":"fr-FR"},{"@type":"WebPage","@id":"https:\/\/sl.ambaguinee.org\/?p=78286","url":"https:\/\/sl.ambaguinee.org\/?p=78286","name":"Transfert : Mady Camara au PAOK pour 3 saisons (officiel) - Ambassade de Guin\u00e9e en Sierra L\u00e9one","isPartOf":{"@id":"https:\/\/sl.ambaguinee.org\/#website"},"datePublished":"2024-06-20T21:03:26+00:00","dateModified":"2024-06-20T21:03:26+00:00","breadcrumb":{"@id":"https:\/\/sl.ambaguinee.org\/?p=78286#breadcrumb"},"inLanguage":"fr-FR","potentialAction":[{"@type":"ReadAction","target":["https:\/\/sl.ambaguinee.org\/?p=78286"]}]},{"@type":"BreadcrumbList","@id":"https:\/\/sl.ambaguinee.org\/?p=78286#breadcrumb","itemListElement":[{"@type":"ListItem","position":1,"name":"Accueil","item":"https:\/\/sl.ambaguinee.org\/"},{"@type":"ListItem","position":2,"name":"Transfert : Mady Camara au PAOK pour 3 saisons (officiel)"}]},{"@type":"WebSite","@id":"https:\/\/sl.ambaguinee.org\/#website","url":"https:\/\/sl.ambaguinee.org\/","name":"Ambassade de Guin\u00e9e en Sierra L\u00e9one","description":"Ambassade de Guin\u00e9e en Sierra L\u00e9one","publisher":{"@id":"https:\/\/sl.ambaguinee.org\/#organization"},"potentialAction":[{"@type":"SearchAction","target":{"@type":"EntryPoint","urlTemplate":"https:\/\/sl.ambaguinee.org\/?s={search_term_string}"},"query-input":"required name=search_term_string"}],"inLanguage":"fr-FR"},{"@type":"Organization","@id":"https:\/\/sl.ambaguinee.org\/#organization","name":"Ambassade de la R\u00e9publique Guin\u00e9e en France","url":"https:\/\/sl.ambaguinee.org\/","logo":{"@type":"ImageObject","inLanguage":"fr-FR","@id":"https:\/\/sl.ambaguinee.org\/#\/schema\/logo\/image\/","url":"https:\/\/sl.ambaguinee.org\/wp-content\/uploads\/2024\/06\/Logo-devise-Guinee-miniature.png","contentUrl":"https:\/\/sl.ambaguinee.org\/wp-content\/uploads\/2024\/06\/Logo-devise-Guinee-miniature.png","width":170,"height":200,"caption":"Ambassade de la R\u00e9publique Guin\u00e9e en France"},"image":{"@id":"https:\/\/sl.ambaguinee.org\/#\/schema\/logo\/image\/"},"sameAs":["https:\/\/www.facebook.com\/ambaguiparis","https:\/\/twitter.com\/AmbaGnFrPtIl"]},{"@type":"Person","@id":"https:\/\/sl.ambaguinee.org\/#\/schema\/person\/1146b0d060c263267a3d87e0264e433d","name":"sl-wpressuser","image":{"@type":"ImageObject","inLanguage":"fr-FR","@id":"https:\/\/sl.ambaguinee.org\/#\/schema\/person\/image\/","url":"https:\/\/secure.gravatar.com\/avatar\/8919cf3f42b825f8e35d147e4b19e946172e07fc82a728c3934e79f4238a76b3?s=96&d=mm&r=g","contentUrl":"https:\/\/secure.gravatar.com\/avatar\/8919cf3f42b825f8e35d147e4b19e946172e07fc82a728c3934e79f4238a76b3?s=96&d=mm&r=g","caption":"sl-wpressuser"},"sameAs":["https:\/\/sl.ambaguinee.org"],"url":"https:\/\/sl.ambaguinee.org\/?author=1"}]}},"_links":{"self":[{"href":"https:\/\/sl.ambaguinee.org\/index.php?rest_route=\/wp\/v2\/posts\/78286","targetHints":{"allow":["GET"]}}],"collection":[{"href":"https:\/\/sl.ambaguinee.org\/index.php?rest_route=\/wp\/v2\/posts"}],"about":[{"href":"https:\/\/sl.ambaguinee.org\/index.php?rest_route=\/wp\/v2\/types\/post"}],"author":[{"embeddable":true,"href":"https:\/\/sl.ambaguinee.org\/index.php?rest_route=\/wp\/v2\/users\/1"}],"replies":[{"embeddable":true,"href":"https:\/\/sl.ambaguinee.org\/index.php?rest_route=%2Fwp%2Fv2%2Fcomments&post=78286"}],"version-history":[{"count":0,"href":"https:\/\/sl.ambaguinee.org\/index.php?rest_route=\/wp\/v2\/posts\/78286\/revisions"}],"wp:attachment":[{"href":"https:\/\/sl.ambaguinee.org\/index.php?rest_route=%2Fwp%2Fv2%2Fmedia&parent=78286"}],"wp:term":[{"taxonomy":"category","embeddable":true,"href":"https:\/\/sl.ambaguinee.org\/index.php?rest_route=%2Fwp%2Fv2%2Fcategories&post=78286"},{"taxonomy":"post_tag","embeddable":true,"href":"https:\/\/sl.ambaguinee.org\/index.php?rest_route=%2Fwp%2Fv2%2Ftags&post=78286"}],"curies":[{"name":"wp","href":"https:\/\/api.w.org\/{rel}","templated":true}]}}