{"id":75639,"date":"2024-05-04T23:05:57","date_gmt":"2024-05-04T21:05:57","guid":{"rendered":"https:\/\/sl.ambaguinee.org\/?p=75639"},"modified":"2024-05-04T23:05:57","modified_gmt":"2024-05-04T21:05:57","slug":"championnat-guineen-u-17-la-competition-lancee-a-conakry-les-premiers-resultats","status":"publish","type":"post","link":"https:\/\/sl.ambaguinee.org\/?p=75639","title":{"rendered":"Championnat Guin\u00e9en U-17 : la comp\u00e9tition lanc\u00e9e \u00e0 Conakry, les premiers r\u00e9sultats"},"content":{"rendered":"<div>\n<p><strong>CONAKRY- Pour la premi\u00e8re fois, le championnat guin\u00e9en masculin d\u00e9di\u00e9 aux moins de 17 ans va se jouer en Guin\u00e9e. Ce coup d\u2019envoi historique de la saison 2023-2024, a \u00e9t\u00e9 donn\u00e9 ce samedi 4 Mai au stade Petit Sory de Nongo devant le ministre de la jeunesse et des sports K\u00e9amou Bogola Haba, et des membres du comit\u00e9 ex\u00e9cutif de la f\u00e9d\u00e9ration Guin\u00e9enne de Football. <\/strong><\/p>\n<p>A l\u2019affiche, SOAR acad\u00e9mie \u00e9tait oppos\u00e9 \u00e0 la Flamme et SOAR s\u2019est impos\u00e9 (3-1). A Kamsar, toujours au compte de cette premi\u00e8re journ\u00e9e de cette nouvelle \u00e9dition du championnat des U-17, le Wakriya a domine (2-1) le Horoya. Cette comp\u00e9tition va se poursuivie avec les \u00e9quipes de jeunes U-17 des 14 clubs guin\u00e9ens engag\u00e9s en Ligue 1 de football. <\/p>\n<p><strong><em>GUINEEFOOT<\/em><\/strong> <\/p>\n<\/div>\n","protected":false},"excerpt":{"rendered":"<p>CONAKRY- Pour la premi\u00e8re fois, le championnat guin\u00e9en masculin d\u00e9di\u00e9 aux moins de 17 ans va se jouer en Guin\u00e9e. Ce coup d\u2019envoi historique de la saison 2023-2024, a \u00e9t\u00e9 donn\u00e9 ce samedi 4 Mai au stade Petit Sory de Nongo devant le ministre de la jeunesse et des sports K\u00e9amou Bogola Haba, et des &hellip;<\/p>\n","protected":false},"author":1,"featured_media":0,"comment_status":"closed","ping_status":"closed","sticky":false,"template":"","format":"standard","meta":{"footnotes":""},"categories":[4],"tags":[],"class_list":["post-75639","post","type-post","status-publish","format-standard","hentry","category-sports"],"yoast_head":"<!-- This site is optimized with the Yoast SEO plugin v21.0 - https:\/\/yoast.com\/wordpress\/plugins\/seo\/ -->\n<title>Championnat Guin\u00e9en U-17 : la comp\u00e9tition lanc\u00e9e \u00e0 Conakry, les premiers r\u00e9sultats - Ambassade de Guin\u00e9e en Sierra L\u00e9one<\/title>\n<meta name=\"robots\" content=\"index, follow, max-snippet:-1, max-image-preview:large, max-video-preview:-1\" \/>\n<link rel=\"canonical\" href=\"https:\/\/sl.ambaguinee.org\/?p=75639\" \/>\n<meta property=\"og:locale\" content=\"fr_FR\" \/>\n<meta property=\"og:type\" content=\"article\" \/>\n<meta property=\"og:title\" content=\"Championnat Guin\u00e9en U-17 : la comp\u00e9tition lanc\u00e9e \u00e0 Conakry, les premiers r\u00e9sultats - Ambassade de Guin\u00e9e en Sierra L\u00e9one\" \/>\n<meta property=\"og:description\" content=\"CONAKRY- Pour la premi\u00e8re fois, le championnat guin\u00e9en masculin d\u00e9di\u00e9 aux moins de 17 ans va se jouer en Guin\u00e9e. Ce coup d\u2019envoi historique de la saison 2023-2024, a \u00e9t\u00e9 donn\u00e9 ce samedi 4 Mai au stade Petit Sory de Nongo devant le ministre de la jeunesse et des sports K\u00e9amou Bogola Haba, et des &hellip;\" \/>\n<meta property=\"og:url\" content=\"https:\/\/sl.ambaguinee.org\/?p=75639\" \/>\n<meta property=\"og:site_name\" content=\"Ambassade de Guin\u00e9e en Sierra L\u00e9one\" \/>\n<meta property=\"article:publisher\" content=\"https:\/\/www.facebook.com\/ambaguiparis\" \/>\n<meta property=\"article:published_time\" content=\"2024-05-04T21:05:57+00:00\" \/>\n<meta name=\"author\" content=\"sl-wpressuser\" \/>\n<meta name=\"twitter:card\" content=\"summary_large_image\" \/>\n<meta name=\"twitter:creator\" content=\"@AmbaGnFrPtIl\" \/>\n<meta name=\"twitter:site\" content=\"@AmbaGnFrPtIl\" \/>\n<meta name=\"twitter:label1\" content=\"\u00c9crit par\" \/>\n\t<meta name=\"twitter:data1\" content=\"sl-wpressuser\" \/>\n\t<meta name=\"twitter:label2\" content=\"Dur\u00e9e de lecture estim\u00e9e\" \/>\n\t<meta name=\"twitter:data2\" content=\"1 minute\" \/>\n<script type=\"application\/ld+json\" class=\"yoast-schema-graph\">{\"@context\":\"https:\/\/schema.org\",\"@graph\":[{\"@type\":\"Article\",\"@id\":\"https:\/\/sl.ambaguinee.org\/?p=75639#article\",\"isPartOf\":{\"@id\":\"https:\/\/sl.ambaguinee.org\/?p=75639\"},\"author\":{\"name\":\"sl-wpressuser\",\"@id\":\"https:\/\/sl.ambaguinee.org\/#\/schema\/person\/1146b0d060c263267a3d87e0264e433d\"},\"headline\":\"Championnat Guin\u00e9en U-17 : la comp\u00e9tition lanc\u00e9e \u00e0 Conakry, les premiers r\u00e9sultats\",\"datePublished\":\"2024-05-04T21:05:57+00:00\",\"dateModified\":\"2024-05-04T21:05:57+00:00\",\"mainEntityOfPage\":{\"@id\":\"https:\/\/sl.ambaguinee.org\/?p=75639\"},\"wordCount\":152,\"publisher\":{\"@id\":\"https:\/\/sl.ambaguinee.org\/#organization\"},\"articleSection\":[\"Sports\"],\"inLanguage\":\"fr-FR\"},{\"@type\":\"WebPage\",\"@id\":\"https:\/\/sl.ambaguinee.org\/?p=75639\",\"url\":\"https:\/\/sl.ambaguinee.org\/?p=75639\",\"name\":\"Championnat Guin\u00e9en U-17 : la comp\u00e9tition lanc\u00e9e \u00e0 Conakry, les premiers r\u00e9sultats - Ambassade de Guin\u00e9e en Sierra L\u00e9one\",\"isPartOf\":{\"@id\":\"https:\/\/sl.ambaguinee.org\/#website\"},\"datePublished\":\"2024-05-04T21:05:57+00:00\",\"dateModified\":\"2024-05-04T21:05:57+00:00\",\"breadcrumb\":{\"@id\":\"https:\/\/sl.ambaguinee.org\/?p=75639#breadcrumb\"},\"inLanguage\":\"fr-FR\",\"potentialAction\":[{\"@type\":\"ReadAction\",\"target\":[\"https:\/\/sl.ambaguinee.org\/?p=75639\"]}]},{\"@type\":\"BreadcrumbList\",\"@id\":\"https:\/\/sl.ambaguinee.org\/?p=75639#breadcrumb\",\"itemListElement\":[{\"@type\":\"ListItem\",\"position\":1,\"name\":\"Accueil\",\"item\":\"https:\/\/sl.ambaguinee.org\/\"},{\"@type\":\"ListItem\",\"position\":2,\"name\":\"Championnat Guin\u00e9en U-17 : la comp\u00e9tition lanc\u00e9e \u00e0 Conakry, les premiers r\u00e9sultats\"}]},{\"@type\":\"WebSite\",\"@id\":\"https:\/\/sl.ambaguinee.org\/#website\",\"url\":\"https:\/\/sl.ambaguinee.org\/\",\"name\":\"Ambassade de Guin\u00e9e en Sierra L\u00e9one\",\"description\":\"Ambassade de Guin\u00e9e en Sierra L\u00e9one\",\"publisher\":{\"@id\":\"https:\/\/sl.ambaguinee.org\/#organization\"},\"potentialAction\":[{\"@type\":\"SearchAction\",\"target\":{\"@type\":\"EntryPoint\",\"urlTemplate\":\"https:\/\/sl.ambaguinee.org\/?s={search_term_string}\"},\"query-input\":\"required name=search_term_string\"}],\"inLanguage\":\"fr-FR\"},{\"@type\":\"Organization\",\"@id\":\"https:\/\/sl.ambaguinee.org\/#organization\",\"name\":\"Ambassade de la R\u00e9publique Guin\u00e9e en France\",\"url\":\"https:\/\/sl.ambaguinee.org\/\",\"logo\":{\"@type\":\"ImageObject\",\"inLanguage\":\"fr-FR\",\"@id\":\"https:\/\/sl.ambaguinee.org\/#\/schema\/logo\/image\/\",\"url\":\"https:\/\/sl.ambaguinee.org\/wp-content\/uploads\/2024\/06\/Logo-devise-Guinee-miniature.png\",\"contentUrl\":\"https:\/\/sl.ambaguinee.org\/wp-content\/uploads\/2024\/06\/Logo-devise-Guinee-miniature.png\",\"width\":170,\"height\":200,\"caption\":\"Ambassade de la R\u00e9publique Guin\u00e9e en France\"},\"image\":{\"@id\":\"https:\/\/sl.ambaguinee.org\/#\/schema\/logo\/image\/\"},\"sameAs\":[\"https:\/\/www.facebook.com\/ambaguiparis\",\"https:\/\/twitter.com\/AmbaGnFrPtIl\"]},{\"@type\":\"Person\",\"@id\":\"https:\/\/sl.ambaguinee.org\/#\/schema\/person\/1146b0d060c263267a3d87e0264e433d\",\"name\":\"sl-wpressuser\",\"image\":{\"@type\":\"ImageObject\",\"inLanguage\":\"fr-FR\",\"@id\":\"https:\/\/sl.ambaguinee.org\/#\/schema\/person\/image\/\",\"url\":\"https:\/\/secure.gravatar.com\/avatar\/8919cf3f42b825f8e35d147e4b19e946172e07fc82a728c3934e79f4238a76b3?s=96&d=mm&r=g\",\"contentUrl\":\"https:\/\/secure.gravatar.com\/avatar\/8919cf3f42b825f8e35d147e4b19e946172e07fc82a728c3934e79f4238a76b3?s=96&d=mm&r=g\",\"caption\":\"sl-wpressuser\"},\"sameAs\":[\"https:\/\/sl.ambaguinee.org\"],\"url\":\"https:\/\/sl.ambaguinee.org\/?author=1\"}]}<\/script>\n<!-- \/ Yoast SEO plugin. -->","yoast_head_json":{"title":"Championnat Guin\u00e9en U-17 : la comp\u00e9tition lanc\u00e9e \u00e0 Conakry, les premiers r\u00e9sultats - Ambassade de Guin\u00e9e en Sierra L\u00e9one","robots":{"index":"index","follow":"follow","max-snippet":"max-snippet:-1","max-image-preview":"max-image-preview:large","max-video-preview":"max-video-preview:-1"},"canonical":"https:\/\/sl.ambaguinee.org\/?p=75639","og_locale":"fr_FR","og_type":"article","og_title":"Championnat Guin\u00e9en U-17 : la comp\u00e9tition lanc\u00e9e \u00e0 Conakry, les premiers r\u00e9sultats - Ambassade de Guin\u00e9e en Sierra L\u00e9one","og_description":"CONAKRY- Pour la premi\u00e8re fois, le championnat guin\u00e9en masculin d\u00e9di\u00e9 aux moins de 17 ans va se jouer en Guin\u00e9e. Ce coup d\u2019envoi historique de la saison 2023-2024, a \u00e9t\u00e9 donn\u00e9 ce samedi 4 Mai au stade Petit Sory de Nongo devant le ministre de la jeunesse et des sports K\u00e9amou Bogola Haba, et des &hellip;","og_url":"https:\/\/sl.ambaguinee.org\/?p=75639","og_site_name":"Ambassade de Guin\u00e9e en Sierra L\u00e9one","article_publisher":"https:\/\/www.facebook.com\/ambaguiparis","article_published_time":"2024-05-04T21:05:57+00:00","author":"sl-wpressuser","twitter_card":"summary_large_image","twitter_creator":"@AmbaGnFrPtIl","twitter_site":"@AmbaGnFrPtIl","twitter_misc":{"\u00c9crit par":"sl-wpressuser","Dur\u00e9e de lecture estim\u00e9e":"1 minute"},"schema":{"@context":"https:\/\/schema.org","@graph":[{"@type":"Article","@id":"https:\/\/sl.ambaguinee.org\/?p=75639#article","isPartOf":{"@id":"https:\/\/sl.ambaguinee.org\/?p=75639"},"author":{"name":"sl-wpressuser","@id":"https:\/\/sl.ambaguinee.org\/#\/schema\/person\/1146b0d060c263267a3d87e0264e433d"},"headline":"Championnat Guin\u00e9en U-17 : la comp\u00e9tition lanc\u00e9e \u00e0 Conakry, les premiers r\u00e9sultats","datePublished":"2024-05-04T21:05:57+00:00","dateModified":"2024-05-04T21:05:57+00:00","mainEntityOfPage":{"@id":"https:\/\/sl.ambaguinee.org\/?p=75639"},"wordCount":152,"publisher":{"@id":"https:\/\/sl.ambaguinee.org\/#organization"},"articleSection":["Sports"],"inLanguage":"fr-FR"},{"@type":"WebPage","@id":"https:\/\/sl.ambaguinee.org\/?p=75639","url":"https:\/\/sl.ambaguinee.org\/?p=75639","name":"Championnat Guin\u00e9en U-17 : la comp\u00e9tition lanc\u00e9e \u00e0 Conakry, les premiers r\u00e9sultats - Ambassade de Guin\u00e9e en Sierra L\u00e9one","isPartOf":{"@id":"https:\/\/sl.ambaguinee.org\/#website"},"datePublished":"2024-05-04T21:05:57+00:00","dateModified":"2024-05-04T21:05:57+00:00","breadcrumb":{"@id":"https:\/\/sl.ambaguinee.org\/?p=75639#breadcrumb"},"inLanguage":"fr-FR","potentialAction":[{"@type":"ReadAction","target":["https:\/\/sl.ambaguinee.org\/?p=75639"]}]},{"@type":"BreadcrumbList","@id":"https:\/\/sl.ambaguinee.org\/?p=75639#breadcrumb","itemListElement":[{"@type":"ListItem","position":1,"name":"Accueil","item":"https:\/\/sl.ambaguinee.org\/"},{"@type":"ListItem","position":2,"name":"Championnat Guin\u00e9en U-17 : la comp\u00e9tition lanc\u00e9e \u00e0 Conakry, les premiers r\u00e9sultats"}]},{"@type":"WebSite","@id":"https:\/\/sl.ambaguinee.org\/#website","url":"https:\/\/sl.ambaguinee.org\/","name":"Ambassade de Guin\u00e9e en Sierra L\u00e9one","description":"Ambassade de Guin\u00e9e en Sierra L\u00e9one","publisher":{"@id":"https:\/\/sl.ambaguinee.org\/#organization"},"potentialAction":[{"@type":"SearchAction","target":{"@type":"EntryPoint","urlTemplate":"https:\/\/sl.ambaguinee.org\/?s={search_term_string}"},"query-input":"required name=search_term_string"}],"inLanguage":"fr-FR"},{"@type":"Organization","@id":"https:\/\/sl.ambaguinee.org\/#organization","name":"Ambassade de la R\u00e9publique Guin\u00e9e en France","url":"https:\/\/sl.ambaguinee.org\/","logo":{"@type":"ImageObject","inLanguage":"fr-FR","@id":"https:\/\/sl.ambaguinee.org\/#\/schema\/logo\/image\/","url":"https:\/\/sl.ambaguinee.org\/wp-content\/uploads\/2024\/06\/Logo-devise-Guinee-miniature.png","contentUrl":"https:\/\/sl.ambaguinee.org\/wp-content\/uploads\/2024\/06\/Logo-devise-Guinee-miniature.png","width":170,"height":200,"caption":"Ambassade de la R\u00e9publique Guin\u00e9e en France"},"image":{"@id":"https:\/\/sl.ambaguinee.org\/#\/schema\/logo\/image\/"},"sameAs":["https:\/\/www.facebook.com\/ambaguiparis","https:\/\/twitter.com\/AmbaGnFrPtIl"]},{"@type":"Person","@id":"https:\/\/sl.ambaguinee.org\/#\/schema\/person\/1146b0d060c263267a3d87e0264e433d","name":"sl-wpressuser","image":{"@type":"ImageObject","inLanguage":"fr-FR","@id":"https:\/\/sl.ambaguinee.org\/#\/schema\/person\/image\/","url":"https:\/\/secure.gravatar.com\/avatar\/8919cf3f42b825f8e35d147e4b19e946172e07fc82a728c3934e79f4238a76b3?s=96&d=mm&r=g","contentUrl":"https:\/\/secure.gravatar.com\/avatar\/8919cf3f42b825f8e35d147e4b19e946172e07fc82a728c3934e79f4238a76b3?s=96&d=mm&r=g","caption":"sl-wpressuser"},"sameAs":["https:\/\/sl.ambaguinee.org"],"url":"https:\/\/sl.ambaguinee.org\/?author=1"}]}},"_links":{"self":[{"href":"https:\/\/sl.ambaguinee.org\/index.php?rest_route=\/wp\/v2\/posts\/75639","targetHints":{"allow":["GET"]}}],"collection":[{"href":"https:\/\/sl.ambaguinee.org\/index.php?rest_route=\/wp\/v2\/posts"}],"about":[{"href":"https:\/\/sl.ambaguinee.org\/index.php?rest_route=\/wp\/v2\/types\/post"}],"author":[{"embeddable":true,"href":"https:\/\/sl.ambaguinee.org\/index.php?rest_route=\/wp\/v2\/users\/1"}],"replies":[{"embeddable":true,"href":"https:\/\/sl.ambaguinee.org\/index.php?rest_route=%2Fwp%2Fv2%2Fcomments&post=75639"}],"version-history":[{"count":0,"href":"https:\/\/sl.ambaguinee.org\/index.php?rest_route=\/wp\/v2\/posts\/75639\/revisions"}],"wp:attachment":[{"href":"https:\/\/sl.ambaguinee.org\/index.php?rest_route=%2Fwp%2Fv2%2Fmedia&parent=75639"}],"wp:term":[{"taxonomy":"category","embeddable":true,"href":"https:\/\/sl.ambaguinee.org\/index.php?rest_route=%2Fwp%2Fv2%2Fcategories&post=75639"},{"taxonomy":"post_tag","embeddable":true,"href":"https:\/\/sl.ambaguinee.org\/index.php?rest_route=%2Fwp%2Fv2%2Ftags&post=75639"}],"curies":[{"name":"wp","href":"https:\/\/api.w.org\/{rel}","templated":true}]}}