{"id":118834,"date":"2026-05-01T23:03:51","date_gmt":"2026-05-01T21:03:51","guid":{"rendered":"https:\/\/sl.ambaguinee.org\/?p=118834"},"modified":"2026-05-01T23:03:51","modified_gmt":"2026-05-01T21:03:51","slug":"coupe-de-la-ligue-vers-lorganisation-de-la-3eme-edition","status":"publish","type":"post","link":"https:\/\/sl.ambaguinee.org\/?p=118834","title":{"rendered":"Coupe de la Ligue : vers l\u2019organisation de la 3\u00e8me \u00e9dition"},"content":{"rendered":"<div>\n<p><strong>CONAKRY- La Ligue Guin\u00e9enne de Football professionnel s\u2019appr\u00eate \u00e0 lancer la troisi\u00e8me \u00e9dition de la coupe de la Ligue, pour le compte de cette saison. Apr\u00e8s la fin du championnat de premi\u00e8re division, la LGFP envisagerait d\u2019organiser ce tournoi qui r\u00e9unira uniquement les clubs de premi\u00e8re et deuxi\u00e8me division de football de Guin\u00e9e. <\/strong><\/p>\n<p>Pour le moment, aucune date pr\u00e9cise n\u2019a \u00e9t\u00e9 fix\u00e9e par l\u2019instance pour le coup d\u2019envoi de cette coupe de la Ligue, mais tout porte \u00e0 croire que c\u2019est d\u00e9but juin prochain que le tournoi pourrait d\u00e9marrer. Il faut rappeler que cette comp\u00e9tition devrait permettre notamment aux Horoya et Hafia, qualifi\u00e9s en Ligue des champions et en coupe CAF, de mieux aff\u00fbter leurs armes avant le d\u00e9but des tours pr\u00e9liminaires. <\/p>\n<p>C\u2019est le Hafia football club de Dixinn qui avait remport\u00e9 la deuxi\u00e8me \u00e9dition de la coupe de la Ligue en 2024.<\/p>\n<p><strong>Mohamed LAMINE TOUR\u00c9 <\/strong><\/p>\n<\/div>\n","protected":false},"excerpt":{"rendered":"<p>CONAKRY- La Ligue Guin\u00e9enne de Football professionnel s\u2019appr\u00eate \u00e0 lancer la troisi\u00e8me \u00e9dition de la coupe de la Ligue, pour le compte de cette saison. Apr\u00e8s la fin du championnat de premi\u00e8re division, la LGFP envisagerait d\u2019organiser ce tournoi qui r\u00e9unira uniquement les clubs de premi\u00e8re et deuxi\u00e8me division de football de Guin\u00e9e. Pour le &hellip;<\/p>\n","protected":false},"author":1,"featured_media":0,"comment_status":"closed","ping_status":"closed","sticky":false,"template":"","format":"standard","meta":{"footnotes":""},"categories":[4],"tags":[],"class_list":["post-118834","post","type-post","status-publish","format-standard","hentry","category-sports"],"yoast_head":"<!-- This site is optimized with the Yoast SEO plugin v21.0 - https:\/\/yoast.com\/wordpress\/plugins\/seo\/ -->\n<title>Coupe de la Ligue : vers l\u2019organisation de la 3\u00e8me \u00e9dition - Ambassade de Guin\u00e9e en Sierra L\u00e9one<\/title>\n<meta name=\"robots\" content=\"index, follow, max-snippet:-1, max-image-preview:large, max-video-preview:-1\" \/>\n<link rel=\"canonical\" href=\"https:\/\/sl.ambaguinee.org\/?p=118834\" \/>\n<meta property=\"og:locale\" content=\"fr_FR\" \/>\n<meta property=\"og:type\" content=\"article\" \/>\n<meta property=\"og:title\" content=\"Coupe de la Ligue : vers l\u2019organisation de la 3\u00e8me \u00e9dition - Ambassade de Guin\u00e9e en Sierra L\u00e9one\" \/>\n<meta property=\"og:description\" content=\"CONAKRY- La Ligue Guin\u00e9enne de Football professionnel s\u2019appr\u00eate \u00e0 lancer la troisi\u00e8me \u00e9dition de la coupe de la Ligue, pour le compte de cette saison. Apr\u00e8s la fin du championnat de premi\u00e8re division, la LGFP envisagerait d\u2019organiser ce tournoi qui r\u00e9unira uniquement les clubs de premi\u00e8re et deuxi\u00e8me division de football de Guin\u00e9e. Pour le &hellip;\" \/>\n<meta property=\"og:url\" content=\"https:\/\/sl.ambaguinee.org\/?p=118834\" \/>\n<meta property=\"og:site_name\" content=\"Ambassade de Guin\u00e9e en Sierra L\u00e9one\" \/>\n<meta property=\"article:publisher\" content=\"https:\/\/www.facebook.com\/ambaguiparis\" \/>\n<meta property=\"article:published_time\" content=\"2026-05-01T21:03:51+00:00\" \/>\n<meta name=\"author\" content=\"sl-wpressuser\" \/>\n<meta name=\"twitter:card\" content=\"summary_large_image\" \/>\n<meta name=\"twitter:creator\" content=\"@AmbaGnFrPtIl\" \/>\n<meta name=\"twitter:site\" content=\"@AmbaGnFrPtIl\" \/>\n<meta name=\"twitter:label1\" content=\"\u00c9crit par\" \/>\n\t<meta name=\"twitter:data1\" content=\"sl-wpressuser\" \/>\n\t<meta name=\"twitter:label2\" content=\"Dur\u00e9e de lecture estim\u00e9e\" \/>\n\t<meta name=\"twitter:data2\" content=\"1 minute\" \/>\n<script type=\"application\/ld+json\" class=\"yoast-schema-graph\">{\"@context\":\"https:\/\/schema.org\",\"@graph\":[{\"@type\":\"Article\",\"@id\":\"https:\/\/sl.ambaguinee.org\/?p=118834#article\",\"isPartOf\":{\"@id\":\"https:\/\/sl.ambaguinee.org\/?p=118834\"},\"author\":{\"name\":\"sl-wpressuser\",\"@id\":\"https:\/\/sl.ambaguinee.org\/#\/schema\/person\/1146b0d060c263267a3d87e0264e433d\"},\"headline\":\"Coupe de la Ligue : vers l\u2019organisation de la 3\u00e8me \u00e9dition\",\"datePublished\":\"2026-05-01T21:03:51+00:00\",\"dateModified\":\"2026-05-01T21:03:51+00:00\",\"mainEntityOfPage\":{\"@id\":\"https:\/\/sl.ambaguinee.org\/?p=118834\"},\"wordCount\":180,\"publisher\":{\"@id\":\"https:\/\/sl.ambaguinee.org\/#organization\"},\"articleSection\":[\"Sports\"],\"inLanguage\":\"fr-FR\"},{\"@type\":\"WebPage\",\"@id\":\"https:\/\/sl.ambaguinee.org\/?p=118834\",\"url\":\"https:\/\/sl.ambaguinee.org\/?p=118834\",\"name\":\"Coupe de la Ligue : vers l\u2019organisation de la 3\u00e8me \u00e9dition - Ambassade de Guin\u00e9e en Sierra L\u00e9one\",\"isPartOf\":{\"@id\":\"https:\/\/sl.ambaguinee.org\/#website\"},\"datePublished\":\"2026-05-01T21:03:51+00:00\",\"dateModified\":\"2026-05-01T21:03:51+00:00\",\"breadcrumb\":{\"@id\":\"https:\/\/sl.ambaguinee.org\/?p=118834#breadcrumb\"},\"inLanguage\":\"fr-FR\",\"potentialAction\":[{\"@type\":\"ReadAction\",\"target\":[\"https:\/\/sl.ambaguinee.org\/?p=118834\"]}]},{\"@type\":\"BreadcrumbList\",\"@id\":\"https:\/\/sl.ambaguinee.org\/?p=118834#breadcrumb\",\"itemListElement\":[{\"@type\":\"ListItem\",\"position\":1,\"name\":\"Accueil\",\"item\":\"https:\/\/sl.ambaguinee.org\/\"},{\"@type\":\"ListItem\",\"position\":2,\"name\":\"Coupe de la Ligue : vers l\u2019organisation de la 3\u00e8me \u00e9dition\"}]},{\"@type\":\"WebSite\",\"@id\":\"https:\/\/sl.ambaguinee.org\/#website\",\"url\":\"https:\/\/sl.ambaguinee.org\/\",\"name\":\"Ambassade de Guin\u00e9e en Sierra L\u00e9one\",\"description\":\"Ambassade de Guin\u00e9e en Sierra L\u00e9one\",\"publisher\":{\"@id\":\"https:\/\/sl.ambaguinee.org\/#organization\"},\"potentialAction\":[{\"@type\":\"SearchAction\",\"target\":{\"@type\":\"EntryPoint\",\"urlTemplate\":\"https:\/\/sl.ambaguinee.org\/?s={search_term_string}\"},\"query-input\":\"required name=search_term_string\"}],\"inLanguage\":\"fr-FR\"},{\"@type\":\"Organization\",\"@id\":\"https:\/\/sl.ambaguinee.org\/#organization\",\"name\":\"Ambassade de la R\u00e9publique Guin\u00e9e en France\",\"url\":\"https:\/\/sl.ambaguinee.org\/\",\"logo\":{\"@type\":\"ImageObject\",\"inLanguage\":\"fr-FR\",\"@id\":\"https:\/\/sl.ambaguinee.org\/#\/schema\/logo\/image\/\",\"url\":\"https:\/\/sl.ambaguinee.org\/wp-content\/uploads\/2024\/06\/Logo-devise-Guinee-miniature.png\",\"contentUrl\":\"https:\/\/sl.ambaguinee.org\/wp-content\/uploads\/2024\/06\/Logo-devise-Guinee-miniature.png\",\"width\":170,\"height\":200,\"caption\":\"Ambassade de la R\u00e9publique Guin\u00e9e en France\"},\"image\":{\"@id\":\"https:\/\/sl.ambaguinee.org\/#\/schema\/logo\/image\/\"},\"sameAs\":[\"https:\/\/www.facebook.com\/ambaguiparis\",\"https:\/\/twitter.com\/AmbaGnFrPtIl\"]},{\"@type\":\"Person\",\"@id\":\"https:\/\/sl.ambaguinee.org\/#\/schema\/person\/1146b0d060c263267a3d87e0264e433d\",\"name\":\"sl-wpressuser\",\"image\":{\"@type\":\"ImageObject\",\"inLanguage\":\"fr-FR\",\"@id\":\"https:\/\/sl.ambaguinee.org\/#\/schema\/person\/image\/\",\"url\":\"https:\/\/secure.gravatar.com\/avatar\/8919cf3f42b825f8e35d147e4b19e946172e07fc82a728c3934e79f4238a76b3?s=96&d=mm&r=g\",\"contentUrl\":\"https:\/\/secure.gravatar.com\/avatar\/8919cf3f42b825f8e35d147e4b19e946172e07fc82a728c3934e79f4238a76b3?s=96&d=mm&r=g\",\"caption\":\"sl-wpressuser\"},\"sameAs\":[\"https:\/\/sl.ambaguinee.org\"],\"url\":\"https:\/\/sl.ambaguinee.org\/?author=1\"}]}<\/script>\n<!-- \/ Yoast SEO plugin. -->","yoast_head_json":{"title":"Coupe de la Ligue : vers l\u2019organisation de la 3\u00e8me \u00e9dition - Ambassade de Guin\u00e9e en Sierra L\u00e9one","robots":{"index":"index","follow":"follow","max-snippet":"max-snippet:-1","max-image-preview":"max-image-preview:large","max-video-preview":"max-video-preview:-1"},"canonical":"https:\/\/sl.ambaguinee.org\/?p=118834","og_locale":"fr_FR","og_type":"article","og_title":"Coupe de la Ligue : vers l\u2019organisation de la 3\u00e8me \u00e9dition - Ambassade de Guin\u00e9e en Sierra L\u00e9one","og_description":"CONAKRY- La Ligue Guin\u00e9enne de Football professionnel s\u2019appr\u00eate \u00e0 lancer la troisi\u00e8me \u00e9dition de la coupe de la Ligue, pour le compte de cette saison. Apr\u00e8s la fin du championnat de premi\u00e8re division, la LGFP envisagerait d\u2019organiser ce tournoi qui r\u00e9unira uniquement les clubs de premi\u00e8re et deuxi\u00e8me division de football de Guin\u00e9e. Pour le &hellip;","og_url":"https:\/\/sl.ambaguinee.org\/?p=118834","og_site_name":"Ambassade de Guin\u00e9e en Sierra L\u00e9one","article_publisher":"https:\/\/www.facebook.com\/ambaguiparis","article_published_time":"2026-05-01T21:03:51+00:00","author":"sl-wpressuser","twitter_card":"summary_large_image","twitter_creator":"@AmbaGnFrPtIl","twitter_site":"@AmbaGnFrPtIl","twitter_misc":{"\u00c9crit par":"sl-wpressuser","Dur\u00e9e de lecture estim\u00e9e":"1 minute"},"schema":{"@context":"https:\/\/schema.org","@graph":[{"@type":"Article","@id":"https:\/\/sl.ambaguinee.org\/?p=118834#article","isPartOf":{"@id":"https:\/\/sl.ambaguinee.org\/?p=118834"},"author":{"name":"sl-wpressuser","@id":"https:\/\/sl.ambaguinee.org\/#\/schema\/person\/1146b0d060c263267a3d87e0264e433d"},"headline":"Coupe de la Ligue : vers l\u2019organisation de la 3\u00e8me \u00e9dition","datePublished":"2026-05-01T21:03:51+00:00","dateModified":"2026-05-01T21:03:51+00:00","mainEntityOfPage":{"@id":"https:\/\/sl.ambaguinee.org\/?p=118834"},"wordCount":180,"publisher":{"@id":"https:\/\/sl.ambaguinee.org\/#organization"},"articleSection":["Sports"],"inLanguage":"fr-FR"},{"@type":"WebPage","@id":"https:\/\/sl.ambaguinee.org\/?p=118834","url":"https:\/\/sl.ambaguinee.org\/?p=118834","name":"Coupe de la Ligue : vers l\u2019organisation de la 3\u00e8me \u00e9dition - Ambassade de Guin\u00e9e en Sierra L\u00e9one","isPartOf":{"@id":"https:\/\/sl.ambaguinee.org\/#website"},"datePublished":"2026-05-01T21:03:51+00:00","dateModified":"2026-05-01T21:03:51+00:00","breadcrumb":{"@id":"https:\/\/sl.ambaguinee.org\/?p=118834#breadcrumb"},"inLanguage":"fr-FR","potentialAction":[{"@type":"ReadAction","target":["https:\/\/sl.ambaguinee.org\/?p=118834"]}]},{"@type":"BreadcrumbList","@id":"https:\/\/sl.ambaguinee.org\/?p=118834#breadcrumb","itemListElement":[{"@type":"ListItem","position":1,"name":"Accueil","item":"https:\/\/sl.ambaguinee.org\/"},{"@type":"ListItem","position":2,"name":"Coupe de la Ligue : vers l\u2019organisation de la 3\u00e8me \u00e9dition"}]},{"@type":"WebSite","@id":"https:\/\/sl.ambaguinee.org\/#website","url":"https:\/\/sl.ambaguinee.org\/","name":"Ambassade de Guin\u00e9e en Sierra L\u00e9one","description":"Ambassade de Guin\u00e9e en Sierra L\u00e9one","publisher":{"@id":"https:\/\/sl.ambaguinee.org\/#organization"},"potentialAction":[{"@type":"SearchAction","target":{"@type":"EntryPoint","urlTemplate":"https:\/\/sl.ambaguinee.org\/?s={search_term_string}"},"query-input":"required name=search_term_string"}],"inLanguage":"fr-FR"},{"@type":"Organization","@id":"https:\/\/sl.ambaguinee.org\/#organization","name":"Ambassade de la R\u00e9publique Guin\u00e9e en France","url":"https:\/\/sl.ambaguinee.org\/","logo":{"@type":"ImageObject","inLanguage":"fr-FR","@id":"https:\/\/sl.ambaguinee.org\/#\/schema\/logo\/image\/","url":"https:\/\/sl.ambaguinee.org\/wp-content\/uploads\/2024\/06\/Logo-devise-Guinee-miniature.png","contentUrl":"https:\/\/sl.ambaguinee.org\/wp-content\/uploads\/2024\/06\/Logo-devise-Guinee-miniature.png","width":170,"height":200,"caption":"Ambassade de la R\u00e9publique Guin\u00e9e en France"},"image":{"@id":"https:\/\/sl.ambaguinee.org\/#\/schema\/logo\/image\/"},"sameAs":["https:\/\/www.facebook.com\/ambaguiparis","https:\/\/twitter.com\/AmbaGnFrPtIl"]},{"@type":"Person","@id":"https:\/\/sl.ambaguinee.org\/#\/schema\/person\/1146b0d060c263267a3d87e0264e433d","name":"sl-wpressuser","image":{"@type":"ImageObject","inLanguage":"fr-FR","@id":"https:\/\/sl.ambaguinee.org\/#\/schema\/person\/image\/","url":"https:\/\/secure.gravatar.com\/avatar\/8919cf3f42b825f8e35d147e4b19e946172e07fc82a728c3934e79f4238a76b3?s=96&d=mm&r=g","contentUrl":"https:\/\/secure.gravatar.com\/avatar\/8919cf3f42b825f8e35d147e4b19e946172e07fc82a728c3934e79f4238a76b3?s=96&d=mm&r=g","caption":"sl-wpressuser"},"sameAs":["https:\/\/sl.ambaguinee.org"],"url":"https:\/\/sl.ambaguinee.org\/?author=1"}]}},"_links":{"self":[{"href":"https:\/\/sl.ambaguinee.org\/index.php?rest_route=\/wp\/v2\/posts\/118834","targetHints":{"allow":["GET"]}}],"collection":[{"href":"https:\/\/sl.ambaguinee.org\/index.php?rest_route=\/wp\/v2\/posts"}],"about":[{"href":"https:\/\/sl.ambaguinee.org\/index.php?rest_route=\/wp\/v2\/types\/post"}],"author":[{"embeddable":true,"href":"https:\/\/sl.ambaguinee.org\/index.php?rest_route=\/wp\/v2\/users\/1"}],"replies":[{"embeddable":true,"href":"https:\/\/sl.ambaguinee.org\/index.php?rest_route=%2Fwp%2Fv2%2Fcomments&post=118834"}],"version-history":[{"count":0,"href":"https:\/\/sl.ambaguinee.org\/index.php?rest_route=\/wp\/v2\/posts\/118834\/revisions"}],"wp:attachment":[{"href":"https:\/\/sl.ambaguinee.org\/index.php?rest_route=%2Fwp%2Fv2%2Fmedia&parent=118834"}],"wp:term":[{"taxonomy":"category","embeddable":true,"href":"https:\/\/sl.ambaguinee.org\/index.php?rest_route=%2Fwp%2Fv2%2Fcategories&post=118834"},{"taxonomy":"post_tag","embeddable":true,"href":"https:\/\/sl.ambaguinee.org\/index.php?rest_route=%2Fwp%2Fv2%2Ftags&post=118834"}],"curies":[{"name":"wp","href":"https:\/\/api.w.org\/{rel}","templated":true}]}}