{"id":114400,"date":"2026-03-14T23:03:07","date_gmt":"2026-03-14T22:03:07","guid":{"rendered":"https:\/\/sl.ambaguinee.org\/?p=114400"},"modified":"2026-03-14T23:03:07","modified_gmt":"2026-03-14T22:03:07","slug":"arbitrage-cloture-de-la-formation-des-arbitres-guineens-sur-lutilisation-de-la-var","status":"publish","type":"post","link":"https:\/\/sl.ambaguinee.org\/?p=114400","title":{"rendered":"Arbitrage : cl\u00f4ture de la formation des arbitres guin\u00e9ens sur l\u2019utilisation de la VAR"},"content":{"rendered":"<div>\n<p><strong>NONGO- La F\u00e9d\u00e9ration Guin\u00e9enne de Football a officiellement cl\u00f4tur\u00e9 ce vendredi 13 mars 2026 une importante session de formation consacr\u00e9e \u00e0 l\u2019assistance vid\u00e9o \u00e0 l\u2019arbitrage (VAR). Organis\u00e9e du 9 au 13 mars 2026, cette formation s\u2019est tenue au Centre technique Ch\u00e9rif Souleymane de Nongo, en pr\u00e9sence de plusieurs officiels du football guin\u00e9en<\/strong>.<\/p>\n<p>Durant cinq jours, 31 arbitres guin\u00e9ens, dont 7 dames, ont pris part \u00e0 ce programme de renforcement de capacit\u00e9s. L\u2019objectif de cette initiative \u00e9tait de familiariser les arbitres nationaux avec les principes, les proc\u00e9dures et l\u2019utilisation pratique de la VAR, devenue aujourd\u2019hui un outil essentiel dans le football moderne.<\/p>\n<p>Pour garantir la qualit\u00e9 de la formation, la Conf\u00e9d\u00e9ration Africaine de Football (CAF) a d\u00e9p\u00each\u00e9 des formateurs sp\u00e9cialis\u00e9s, venus partager leur expertise et leur exp\u00e9rience avec les officiels guin\u00e9ens. Les participants ont altern\u00e9 entre sessions th\u00e9oriques, analyses de situations de jeu et exercices pratiques, afin de mieux comprendre le fonctionnement de l\u2019assistance vid\u00e9o dans la prise de d\u00e9cision arbitrale.<\/p>\n<figure class=\"wp-block-image size-large\"><img fetchpriority=\"high\" fetchpriority=\"high\" decoding=\"async\" width=\"1024\" height=\"699\"src=\"https:\/\/usercontent.one\/wp\/guineefoot.info\/wp-content\/uploads\/2026\/03\/FB_IMG_1773445480657.jpg?media=1735902803\" alt=\"\" class=\"wp-image-57769\" srcset=\"https:\/\/usercontent.one\/wp\/guineefoot.info\/wp-content\/uploads\/2026\/03\/FB_IMG_1773445480657-1024x699.jpg?media=1735902803 1024w, https:\/\/usercontent.one\/wp\/guineefoot.info\/wp-content\/uploads\/2026\/03\/FB_IMG_1773445480657-300x205.jpg?media=1735902803 300w, https:\/\/usercontent.one\/wp\/guineefoot.info\/wp-content\/uploads\/2026\/03\/FB_IMG_1773445480657-768x524.jpg?media=1735902803 768w, https:\/\/usercontent.one\/wp\/guineefoot.info\/wp-content\/uploads\/2026\/03\/FB_IMG_1773445480657-1536x1049.jpg?media=1735902803 1536w, https:\/\/usercontent.one\/wp\/guineefoot.info\/wp-content\/uploads\/2026\/03\/FB_IMG_1773445480657-600x410.jpg?media=1735902803 600w, https:\/\/usercontent.one\/wp\/guineefoot.info\/wp-content\/uploads\/2026\/03\/FB_IMG_1773445480657.jpg?media=1735902803 1702w\" sizes=\"(max-width: 1024px) 100vw, 1024px\"><\/figure>\n<p>La c\u00e9r\u00e9monie de cl\u00f4ture a marqu\u00e9 la fin de cette session intense d\u2019apprentissage, avec la satisfaction des organisateurs et des formateurs quant \u00e0 l\u2019engagement et \u00e0 la progression des arbitres participants.<\/p>\n<p>\u00c0 travers cette initiative, la F\u00e9d\u00e9ration Guin\u00e9enne de Football affiche sa volont\u00e9 de moderniser l\u2019arbitrage guin\u00e9en et de pr\u00e9parer les officiels nationaux aux standards internationaux, dans un contexte o\u00f9 la technologie occupe d\u00e9sormais une place centrale dans la gestion des matchs.<\/p>\n<p><strong>Ibrahima SORY CISS\u00c9 <\/strong><\/p>\n<\/div>\n","protected":false},"excerpt":{"rendered":"<p>NONGO- La F\u00e9d\u00e9ration Guin\u00e9enne de Football a officiellement cl\u00f4tur\u00e9 ce vendredi 13 mars 2026 une importante session de formation consacr\u00e9e \u00e0 l\u2019assistance vid\u00e9o \u00e0 l\u2019arbitrage (VAR). Organis\u00e9e du 9 au 13 mars 2026, cette formation s\u2019est tenue au Centre technique Ch\u00e9rif Souleymane de Nongo, en pr\u00e9sence de plusieurs officiels du football guin\u00e9en. Durant cinq jours, &hellip;<\/p>\n","protected":false},"author":1,"featured_media":0,"comment_status":"closed","ping_status":"closed","sticky":false,"template":"","format":"standard","meta":{"footnotes":""},"categories":[4],"tags":[],"class_list":["post-114400","post","type-post","status-publish","format-standard","hentry","category-sports"],"yoast_head":"<!-- This site is optimized with the Yoast SEO plugin v21.0 - https:\/\/yoast.com\/wordpress\/plugins\/seo\/ -->\n<title>Arbitrage : cl\u00f4ture de la formation des arbitres guin\u00e9ens sur l\u2019utilisation de la VAR - Ambassade de Guin\u00e9e en Sierra L\u00e9one<\/title>\n<meta name=\"robots\" content=\"index, follow, max-snippet:-1, max-image-preview:large, max-video-preview:-1\" \/>\n<link rel=\"canonical\" href=\"https:\/\/sl.ambaguinee.org\/?p=114400\" \/>\n<meta property=\"og:locale\" content=\"fr_FR\" \/>\n<meta property=\"og:type\" content=\"article\" \/>\n<meta property=\"og:title\" content=\"Arbitrage : cl\u00f4ture de la formation des arbitres guin\u00e9ens sur l\u2019utilisation de la VAR - Ambassade de Guin\u00e9e en Sierra L\u00e9one\" \/>\n<meta property=\"og:description\" content=\"NONGO- La F\u00e9d\u00e9ration Guin\u00e9enne de Football a officiellement cl\u00f4tur\u00e9 ce vendredi 13 mars 2026 une importante session de formation consacr\u00e9e \u00e0 l\u2019assistance vid\u00e9o \u00e0 l\u2019arbitrage (VAR). Organis\u00e9e du 9 au 13 mars 2026, cette formation s\u2019est tenue au Centre technique Ch\u00e9rif Souleymane de Nongo, en pr\u00e9sence de plusieurs officiels du football guin\u00e9en. Durant cinq jours, &hellip;\" \/>\n<meta property=\"og:url\" content=\"https:\/\/sl.ambaguinee.org\/?p=114400\" \/>\n<meta property=\"og:site_name\" content=\"Ambassade de Guin\u00e9e en Sierra L\u00e9one\" \/>\n<meta property=\"article:publisher\" content=\"https:\/\/www.facebook.com\/ambaguiparis\" \/>\n<meta property=\"article:published_time\" content=\"2026-03-14T22:03:07+00:00\" \/>\n<meta property=\"og:image\" content=\"https:\/\/usercontent.one\/wp\/guineefoot.info\/wp-content\/uploads\/2026\/03\/FB_IMG_1773445480657.jpg?media=1735902803\" \/>\n<meta name=\"author\" content=\"sl-wpressuser\" \/>\n<meta name=\"twitter:card\" content=\"summary_large_image\" \/>\n<meta name=\"twitter:creator\" content=\"@AmbaGnFrPtIl\" \/>\n<meta name=\"twitter:site\" content=\"@AmbaGnFrPtIl\" \/>\n<meta name=\"twitter:label1\" content=\"\u00c9crit par\" \/>\n\t<meta name=\"twitter:data1\" content=\"sl-wpressuser\" \/>\n\t<meta name=\"twitter:label2\" content=\"Dur\u00e9e de lecture estim\u00e9e\" \/>\n\t<meta name=\"twitter:data2\" content=\"1 minute\" \/>\n<script type=\"application\/ld+json\" class=\"yoast-schema-graph\">{\"@context\":\"https:\/\/schema.org\",\"@graph\":[{\"@type\":\"Article\",\"@id\":\"https:\/\/sl.ambaguinee.org\/?p=114400#article\",\"isPartOf\":{\"@id\":\"https:\/\/sl.ambaguinee.org\/?p=114400\"},\"author\":{\"name\":\"sl-wpressuser\",\"@id\":\"https:\/\/sl.ambaguinee.org\/#\/schema\/person\/1146b0d060c263267a3d87e0264e433d\"},\"headline\":\"Arbitrage : cl\u00f4ture de la formation des arbitres guin\u00e9ens sur l\u2019utilisation de la VAR\",\"datePublished\":\"2026-03-14T22:03:07+00:00\",\"dateModified\":\"2026-03-14T22:03:07+00:00\",\"mainEntityOfPage\":{\"@id\":\"https:\/\/sl.ambaguinee.org\/?p=114400\"},\"wordCount\":281,\"publisher\":{\"@id\":\"https:\/\/sl.ambaguinee.org\/#organization\"},\"articleSection\":[\"Sports\"],\"inLanguage\":\"fr-FR\"},{\"@type\":\"WebPage\",\"@id\":\"https:\/\/sl.ambaguinee.org\/?p=114400\",\"url\":\"https:\/\/sl.ambaguinee.org\/?p=114400\",\"name\":\"Arbitrage : cl\u00f4ture de la formation des arbitres guin\u00e9ens sur l\u2019utilisation de la VAR - Ambassade de Guin\u00e9e en Sierra L\u00e9one\",\"isPartOf\":{\"@id\":\"https:\/\/sl.ambaguinee.org\/#website\"},\"datePublished\":\"2026-03-14T22:03:07+00:00\",\"dateModified\":\"2026-03-14T22:03:07+00:00\",\"breadcrumb\":{\"@id\":\"https:\/\/sl.ambaguinee.org\/?p=114400#breadcrumb\"},\"inLanguage\":\"fr-FR\",\"potentialAction\":[{\"@type\":\"ReadAction\",\"target\":[\"https:\/\/sl.ambaguinee.org\/?p=114400\"]}]},{\"@type\":\"BreadcrumbList\",\"@id\":\"https:\/\/sl.ambaguinee.org\/?p=114400#breadcrumb\",\"itemListElement\":[{\"@type\":\"ListItem\",\"position\":1,\"name\":\"Accueil\",\"item\":\"https:\/\/sl.ambaguinee.org\/\"},{\"@type\":\"ListItem\",\"position\":2,\"name\":\"Arbitrage : cl\u00f4ture de la formation des arbitres guin\u00e9ens sur l\u2019utilisation de la VAR\"}]},{\"@type\":\"WebSite\",\"@id\":\"https:\/\/sl.ambaguinee.org\/#website\",\"url\":\"https:\/\/sl.ambaguinee.org\/\",\"name\":\"Ambassade de Guin\u00e9e en Sierra L\u00e9one\",\"description\":\"Ambassade de Guin\u00e9e en Sierra L\u00e9one\",\"publisher\":{\"@id\":\"https:\/\/sl.ambaguinee.org\/#organization\"},\"potentialAction\":[{\"@type\":\"SearchAction\",\"target\":{\"@type\":\"EntryPoint\",\"urlTemplate\":\"https:\/\/sl.ambaguinee.org\/?s={search_term_string}\"},\"query-input\":\"required name=search_term_string\"}],\"inLanguage\":\"fr-FR\"},{\"@type\":\"Organization\",\"@id\":\"https:\/\/sl.ambaguinee.org\/#organization\",\"name\":\"Ambassade de la R\u00e9publique Guin\u00e9e en France\",\"url\":\"https:\/\/sl.ambaguinee.org\/\",\"logo\":{\"@type\":\"ImageObject\",\"inLanguage\":\"fr-FR\",\"@id\":\"https:\/\/sl.ambaguinee.org\/#\/schema\/logo\/image\/\",\"url\":\"https:\/\/sl.ambaguinee.org\/wp-content\/uploads\/2024\/06\/Logo-devise-Guinee-miniature.png\",\"contentUrl\":\"https:\/\/sl.ambaguinee.org\/wp-content\/uploads\/2024\/06\/Logo-devise-Guinee-miniature.png\",\"width\":170,\"height\":200,\"caption\":\"Ambassade de la R\u00e9publique Guin\u00e9e en France\"},\"image\":{\"@id\":\"https:\/\/sl.ambaguinee.org\/#\/schema\/logo\/image\/\"},\"sameAs\":[\"https:\/\/www.facebook.com\/ambaguiparis\",\"https:\/\/twitter.com\/AmbaGnFrPtIl\"]},{\"@type\":\"Person\",\"@id\":\"https:\/\/sl.ambaguinee.org\/#\/schema\/person\/1146b0d060c263267a3d87e0264e433d\",\"name\":\"sl-wpressuser\",\"image\":{\"@type\":\"ImageObject\",\"inLanguage\":\"fr-FR\",\"@id\":\"https:\/\/sl.ambaguinee.org\/#\/schema\/person\/image\/\",\"url\":\"https:\/\/secure.gravatar.com\/avatar\/8919cf3f42b825f8e35d147e4b19e946172e07fc82a728c3934e79f4238a76b3?s=96&d=mm&r=g\",\"contentUrl\":\"https:\/\/secure.gravatar.com\/avatar\/8919cf3f42b825f8e35d147e4b19e946172e07fc82a728c3934e79f4238a76b3?s=96&d=mm&r=g\",\"caption\":\"sl-wpressuser\"},\"sameAs\":[\"https:\/\/sl.ambaguinee.org\"],\"url\":\"https:\/\/sl.ambaguinee.org\/?author=1\"}]}<\/script>\n<!-- \/ Yoast SEO plugin. -->","yoast_head_json":{"title":"Arbitrage : cl\u00f4ture de la formation des arbitres guin\u00e9ens sur l\u2019utilisation de la VAR - Ambassade de Guin\u00e9e en Sierra L\u00e9one","robots":{"index":"index","follow":"follow","max-snippet":"max-snippet:-1","max-image-preview":"max-image-preview:large","max-video-preview":"max-video-preview:-1"},"canonical":"https:\/\/sl.ambaguinee.org\/?p=114400","og_locale":"fr_FR","og_type":"article","og_title":"Arbitrage : cl\u00f4ture de la formation des arbitres guin\u00e9ens sur l\u2019utilisation de la VAR - Ambassade de Guin\u00e9e en Sierra L\u00e9one","og_description":"NONGO- La F\u00e9d\u00e9ration Guin\u00e9enne de Football a officiellement cl\u00f4tur\u00e9 ce vendredi 13 mars 2026 une importante session de formation consacr\u00e9e \u00e0 l\u2019assistance vid\u00e9o \u00e0 l\u2019arbitrage (VAR). Organis\u00e9e du 9 au 13 mars 2026, cette formation s\u2019est tenue au Centre technique Ch\u00e9rif Souleymane de Nongo, en pr\u00e9sence de plusieurs officiels du football guin\u00e9en. Durant cinq jours, &hellip;","og_url":"https:\/\/sl.ambaguinee.org\/?p=114400","og_site_name":"Ambassade de Guin\u00e9e en Sierra L\u00e9one","article_publisher":"https:\/\/www.facebook.com\/ambaguiparis","article_published_time":"2026-03-14T22:03:07+00:00","og_image":[{"url":"https:\/\/usercontent.one\/wp\/guineefoot.info\/wp-content\/uploads\/2026\/03\/FB_IMG_1773445480657.jpg?media=1735902803"}],"author":"sl-wpressuser","twitter_card":"summary_large_image","twitter_creator":"@AmbaGnFrPtIl","twitter_site":"@AmbaGnFrPtIl","twitter_misc":{"\u00c9crit par":"sl-wpressuser","Dur\u00e9e de lecture estim\u00e9e":"1 minute"},"schema":{"@context":"https:\/\/schema.org","@graph":[{"@type":"Article","@id":"https:\/\/sl.ambaguinee.org\/?p=114400#article","isPartOf":{"@id":"https:\/\/sl.ambaguinee.org\/?p=114400"},"author":{"name":"sl-wpressuser","@id":"https:\/\/sl.ambaguinee.org\/#\/schema\/person\/1146b0d060c263267a3d87e0264e433d"},"headline":"Arbitrage : cl\u00f4ture de la formation des arbitres guin\u00e9ens sur l\u2019utilisation de la VAR","datePublished":"2026-03-14T22:03:07+00:00","dateModified":"2026-03-14T22:03:07+00:00","mainEntityOfPage":{"@id":"https:\/\/sl.ambaguinee.org\/?p=114400"},"wordCount":281,"publisher":{"@id":"https:\/\/sl.ambaguinee.org\/#organization"},"articleSection":["Sports"],"inLanguage":"fr-FR"},{"@type":"WebPage","@id":"https:\/\/sl.ambaguinee.org\/?p=114400","url":"https:\/\/sl.ambaguinee.org\/?p=114400","name":"Arbitrage : cl\u00f4ture de la formation des arbitres guin\u00e9ens sur l\u2019utilisation de la VAR - Ambassade de Guin\u00e9e en Sierra L\u00e9one","isPartOf":{"@id":"https:\/\/sl.ambaguinee.org\/#website"},"datePublished":"2026-03-14T22:03:07+00:00","dateModified":"2026-03-14T22:03:07+00:00","breadcrumb":{"@id":"https:\/\/sl.ambaguinee.org\/?p=114400#breadcrumb"},"inLanguage":"fr-FR","potentialAction":[{"@type":"ReadAction","target":["https:\/\/sl.ambaguinee.org\/?p=114400"]}]},{"@type":"BreadcrumbList","@id":"https:\/\/sl.ambaguinee.org\/?p=114400#breadcrumb","itemListElement":[{"@type":"ListItem","position":1,"name":"Accueil","item":"https:\/\/sl.ambaguinee.org\/"},{"@type":"ListItem","position":2,"name":"Arbitrage : cl\u00f4ture de la formation des arbitres guin\u00e9ens sur l\u2019utilisation de la VAR"}]},{"@type":"WebSite","@id":"https:\/\/sl.ambaguinee.org\/#website","url":"https:\/\/sl.ambaguinee.org\/","name":"Ambassade de Guin\u00e9e en Sierra L\u00e9one","description":"Ambassade de Guin\u00e9e en Sierra L\u00e9one","publisher":{"@id":"https:\/\/sl.ambaguinee.org\/#organization"},"potentialAction":[{"@type":"SearchAction","target":{"@type":"EntryPoint","urlTemplate":"https:\/\/sl.ambaguinee.org\/?s={search_term_string}"},"query-input":"required name=search_term_string"}],"inLanguage":"fr-FR"},{"@type":"Organization","@id":"https:\/\/sl.ambaguinee.org\/#organization","name":"Ambassade de la R\u00e9publique Guin\u00e9e en France","url":"https:\/\/sl.ambaguinee.org\/","logo":{"@type":"ImageObject","inLanguage":"fr-FR","@id":"https:\/\/sl.ambaguinee.org\/#\/schema\/logo\/image\/","url":"https:\/\/sl.ambaguinee.org\/wp-content\/uploads\/2024\/06\/Logo-devise-Guinee-miniature.png","contentUrl":"https:\/\/sl.ambaguinee.org\/wp-content\/uploads\/2024\/06\/Logo-devise-Guinee-miniature.png","width":170,"height":200,"caption":"Ambassade de la R\u00e9publique Guin\u00e9e en France"},"image":{"@id":"https:\/\/sl.ambaguinee.org\/#\/schema\/logo\/image\/"},"sameAs":["https:\/\/www.facebook.com\/ambaguiparis","https:\/\/twitter.com\/AmbaGnFrPtIl"]},{"@type":"Person","@id":"https:\/\/sl.ambaguinee.org\/#\/schema\/person\/1146b0d060c263267a3d87e0264e433d","name":"sl-wpressuser","image":{"@type":"ImageObject","inLanguage":"fr-FR","@id":"https:\/\/sl.ambaguinee.org\/#\/schema\/person\/image\/","url":"https:\/\/secure.gravatar.com\/avatar\/8919cf3f42b825f8e35d147e4b19e946172e07fc82a728c3934e79f4238a76b3?s=96&d=mm&r=g","contentUrl":"https:\/\/secure.gravatar.com\/avatar\/8919cf3f42b825f8e35d147e4b19e946172e07fc82a728c3934e79f4238a76b3?s=96&d=mm&r=g","caption":"sl-wpressuser"},"sameAs":["https:\/\/sl.ambaguinee.org"],"url":"https:\/\/sl.ambaguinee.org\/?author=1"}]}},"_links":{"self":[{"href":"https:\/\/sl.ambaguinee.org\/index.php?rest_route=\/wp\/v2\/posts\/114400","targetHints":{"allow":["GET"]}}],"collection":[{"href":"https:\/\/sl.ambaguinee.org\/index.php?rest_route=\/wp\/v2\/posts"}],"about":[{"href":"https:\/\/sl.ambaguinee.org\/index.php?rest_route=\/wp\/v2\/types\/post"}],"author":[{"embeddable":true,"href":"https:\/\/sl.ambaguinee.org\/index.php?rest_route=\/wp\/v2\/users\/1"}],"replies":[{"embeddable":true,"href":"https:\/\/sl.ambaguinee.org\/index.php?rest_route=%2Fwp%2Fv2%2Fcomments&post=114400"}],"version-history":[{"count":0,"href":"https:\/\/sl.ambaguinee.org\/index.php?rest_route=\/wp\/v2\/posts\/114400\/revisions"}],"wp:attachment":[{"href":"https:\/\/sl.ambaguinee.org\/index.php?rest_route=%2Fwp%2Fv2%2Fmedia&parent=114400"}],"wp:term":[{"taxonomy":"category","embeddable":true,"href":"https:\/\/sl.ambaguinee.org\/index.php?rest_route=%2Fwp%2Fv2%2Fcategories&post=114400"},{"taxonomy":"post_tag","embeddable":true,"href":"https:\/\/sl.ambaguinee.org\/index.php?rest_route=%2Fwp%2Fv2%2Ftags&post=114400"}],"curies":[{"name":"wp","href":"https:\/\/api.w.org\/{rel}","templated":true}]}}