{"id":114300,"date":"2026-03-13T23:03:16","date_gmt":"2026-03-13T22:03:16","guid":{"rendered":"https:\/\/sl.ambaguinee.org\/?p=114300"},"modified":"2026-03-13T23:03:16","modified_gmt":"2026-03-13T22:03:16","slug":"premiere-reunion-de-la-commission-dethique-de-la-fgf-vers-la-suspension-de-sory-doumbouya","status":"publish","type":"post","link":"https:\/\/sl.ambaguinee.org\/?p=114300","title":{"rendered":"Premi\u00e8re r\u00e9union de la commission d\u2019\u00e9thique de la FGF : vers la suspension de Sory Doumbouya ?"},"content":{"rendered":"<div>\n<p><strong>CONAKRY- Apres des interpellations et des d\u00e9nonciations sur les violations flagrantes des statuts de la f\u00e9d\u00e9ration Guin\u00e9enne Guin\u00e9enne Football par le Pr\u00e9sident Sory Doumbouya, la commission d\u2019\u00e9thique s\u2019est enfin r\u00e9unie pour la premi\u00e8re fois ce jeudi<\/strong>.<\/p>\n<p>Une r\u00e9union tenue \u00e0 Conakry et qui avait pour unique ordre du jour, l\u2019analyse de l\u2019audio qui implique le pr\u00e9sident Sory Doumbouya. Cet audio met en lumi\u00e8re les violations des statuts et un conflit d\u2019int\u00e9r\u00eat, attitude sanctionnable. Si aucune d\u00e9cision pour le moment n\u2019a \u00e9t\u00e9 prise par la commission d\u2019\u00e9thique dirig\u00e9e par le magistral Mohamed Diawara, tout porte \u00e0 croire que l\u2019accus\u00e9 devrait bel et bien \u00eatre sanctionn\u00e9 d\u2019une suspension.<\/p>\n<p>Ce qui ouvrirait la voie au vice-pr\u00e9sident le plus \u00e2g\u00e9 de prendre le relais, comme le stipulent les statuts, lui qui devrait donc \u00eatre promu au poste de Pr\u00e9sident de la f\u00e9d\u00e9ration pour g\u00e9rer les affaires. On apprend que la comission \u00e9thique se r\u00e9unira encore ce vendredi, pour \u00e9tudier de fond en comble cette affaire devenue une \u00e9pine dans les pieds de Sory Doumbouya.<\/p>\n<p><strong>Dossier \u00e0 suivre !!!<\/strong><\/p>\n<\/div>\n","protected":false},"excerpt":{"rendered":"<p>CONAKRY- Apres des interpellations et des d\u00e9nonciations sur les violations flagrantes des statuts de la f\u00e9d\u00e9ration Guin\u00e9enne Guin\u00e9enne Football par le Pr\u00e9sident Sory Doumbouya, la commission d\u2019\u00e9thique s\u2019est enfin r\u00e9unie pour la premi\u00e8re fois ce jeudi. Une r\u00e9union tenue \u00e0 Conakry et qui avait pour unique ordre du jour, l\u2019analyse de l\u2019audio qui implique le &hellip;<\/p>\n","protected":false},"author":1,"featured_media":0,"comment_status":"closed","ping_status":"closed","sticky":false,"template":"","format":"standard","meta":{"footnotes":""},"categories":[4],"tags":[],"class_list":["post-114300","post","type-post","status-publish","format-standard","hentry","category-sports"],"yoast_head":"<!-- This site is optimized with the Yoast SEO plugin v21.0 - https:\/\/yoast.com\/wordpress\/plugins\/seo\/ -->\n<title>Premi\u00e8re r\u00e9union de la commission d\u2019\u00e9thique de la FGF : vers la suspension de Sory Doumbouya ? - Ambassade de Guin\u00e9e en Sierra L\u00e9one<\/title>\n<meta name=\"robots\" content=\"index, follow, max-snippet:-1, max-image-preview:large, max-video-preview:-1\" \/>\n<link rel=\"canonical\" href=\"https:\/\/sl.ambaguinee.org\/?p=114300\" \/>\n<meta property=\"og:locale\" content=\"fr_FR\" \/>\n<meta property=\"og:type\" content=\"article\" \/>\n<meta property=\"og:title\" content=\"Premi\u00e8re r\u00e9union de la commission d\u2019\u00e9thique de la FGF : vers la suspension de Sory Doumbouya ? - Ambassade de Guin\u00e9e en Sierra L\u00e9one\" \/>\n<meta property=\"og:description\" content=\"CONAKRY- Apres des interpellations et des d\u00e9nonciations sur les violations flagrantes des statuts de la f\u00e9d\u00e9ration Guin\u00e9enne Guin\u00e9enne Football par le Pr\u00e9sident Sory Doumbouya, la commission d\u2019\u00e9thique s\u2019est enfin r\u00e9unie pour la premi\u00e8re fois ce jeudi. Une r\u00e9union tenue \u00e0 Conakry et qui avait pour unique ordre du jour, l\u2019analyse de l\u2019audio qui implique le &hellip;\" \/>\n<meta property=\"og:url\" content=\"https:\/\/sl.ambaguinee.org\/?p=114300\" \/>\n<meta property=\"og:site_name\" content=\"Ambassade de Guin\u00e9e en Sierra L\u00e9one\" \/>\n<meta property=\"article:publisher\" content=\"https:\/\/www.facebook.com\/ambaguiparis\" \/>\n<meta property=\"article:published_time\" content=\"2026-03-13T22:03:16+00:00\" \/>\n<meta name=\"author\" content=\"sl-wpressuser\" \/>\n<meta name=\"twitter:card\" content=\"summary_large_image\" \/>\n<meta name=\"twitter:creator\" content=\"@AmbaGnFrPtIl\" \/>\n<meta name=\"twitter:site\" content=\"@AmbaGnFrPtIl\" \/>\n<meta name=\"twitter:label1\" content=\"\u00c9crit par\" \/>\n\t<meta name=\"twitter:data1\" content=\"sl-wpressuser\" \/>\n\t<meta name=\"twitter:label2\" content=\"Dur\u00e9e de lecture estim\u00e9e\" \/>\n\t<meta name=\"twitter:data2\" content=\"1 minute\" \/>\n<script type=\"application\/ld+json\" class=\"yoast-schema-graph\">{\"@context\":\"https:\/\/schema.org\",\"@graph\":[{\"@type\":\"Article\",\"@id\":\"https:\/\/sl.ambaguinee.org\/?p=114300#article\",\"isPartOf\":{\"@id\":\"https:\/\/sl.ambaguinee.org\/?p=114300\"},\"author\":{\"name\":\"sl-wpressuser\",\"@id\":\"https:\/\/sl.ambaguinee.org\/#\/schema\/person\/1146b0d060c263267a3d87e0264e433d\"},\"headline\":\"Premi\u00e8re r\u00e9union de la commission d\u2019\u00e9thique de la FGF : vers la suspension de Sory Doumbouya ?\",\"datePublished\":\"2026-03-13T22:03:16+00:00\",\"dateModified\":\"2026-03-13T22:03:16+00:00\",\"mainEntityOfPage\":{\"@id\":\"https:\/\/sl.ambaguinee.org\/?p=114300\"},\"wordCount\":218,\"publisher\":{\"@id\":\"https:\/\/sl.ambaguinee.org\/#organization\"},\"articleSection\":[\"Sports\"],\"inLanguage\":\"fr-FR\"},{\"@type\":\"WebPage\",\"@id\":\"https:\/\/sl.ambaguinee.org\/?p=114300\",\"url\":\"https:\/\/sl.ambaguinee.org\/?p=114300\",\"name\":\"Premi\u00e8re r\u00e9union de la commission d\u2019\u00e9thique de la FGF : vers la suspension de Sory Doumbouya ? - Ambassade de Guin\u00e9e en Sierra L\u00e9one\",\"isPartOf\":{\"@id\":\"https:\/\/sl.ambaguinee.org\/#website\"},\"datePublished\":\"2026-03-13T22:03:16+00:00\",\"dateModified\":\"2026-03-13T22:03:16+00:00\",\"breadcrumb\":{\"@id\":\"https:\/\/sl.ambaguinee.org\/?p=114300#breadcrumb\"},\"inLanguage\":\"fr-FR\",\"potentialAction\":[{\"@type\":\"ReadAction\",\"target\":[\"https:\/\/sl.ambaguinee.org\/?p=114300\"]}]},{\"@type\":\"BreadcrumbList\",\"@id\":\"https:\/\/sl.ambaguinee.org\/?p=114300#breadcrumb\",\"itemListElement\":[{\"@type\":\"ListItem\",\"position\":1,\"name\":\"Accueil\",\"item\":\"https:\/\/sl.ambaguinee.org\/\"},{\"@type\":\"ListItem\",\"position\":2,\"name\":\"Premi\u00e8re r\u00e9union de la commission d\u2019\u00e9thique de la FGF : vers la suspension de Sory Doumbouya ?\"}]},{\"@type\":\"WebSite\",\"@id\":\"https:\/\/sl.ambaguinee.org\/#website\",\"url\":\"https:\/\/sl.ambaguinee.org\/\",\"name\":\"Ambassade de Guin\u00e9e en Sierra L\u00e9one\",\"description\":\"Ambassade de Guin\u00e9e en Sierra L\u00e9one\",\"publisher\":{\"@id\":\"https:\/\/sl.ambaguinee.org\/#organization\"},\"potentialAction\":[{\"@type\":\"SearchAction\",\"target\":{\"@type\":\"EntryPoint\",\"urlTemplate\":\"https:\/\/sl.ambaguinee.org\/?s={search_term_string}\"},\"query-input\":\"required name=search_term_string\"}],\"inLanguage\":\"fr-FR\"},{\"@type\":\"Organization\",\"@id\":\"https:\/\/sl.ambaguinee.org\/#organization\",\"name\":\"Ambassade de la R\u00e9publique Guin\u00e9e en France\",\"url\":\"https:\/\/sl.ambaguinee.org\/\",\"logo\":{\"@type\":\"ImageObject\",\"inLanguage\":\"fr-FR\",\"@id\":\"https:\/\/sl.ambaguinee.org\/#\/schema\/logo\/image\/\",\"url\":\"https:\/\/sl.ambaguinee.org\/wp-content\/uploads\/2024\/06\/Logo-devise-Guinee-miniature.png\",\"contentUrl\":\"https:\/\/sl.ambaguinee.org\/wp-content\/uploads\/2024\/06\/Logo-devise-Guinee-miniature.png\",\"width\":170,\"height\":200,\"caption\":\"Ambassade de la R\u00e9publique Guin\u00e9e en France\"},\"image\":{\"@id\":\"https:\/\/sl.ambaguinee.org\/#\/schema\/logo\/image\/\"},\"sameAs\":[\"https:\/\/www.facebook.com\/ambaguiparis\",\"https:\/\/twitter.com\/AmbaGnFrPtIl\"]},{\"@type\":\"Person\",\"@id\":\"https:\/\/sl.ambaguinee.org\/#\/schema\/person\/1146b0d060c263267a3d87e0264e433d\",\"name\":\"sl-wpressuser\",\"image\":{\"@type\":\"ImageObject\",\"inLanguage\":\"fr-FR\",\"@id\":\"https:\/\/sl.ambaguinee.org\/#\/schema\/person\/image\/\",\"url\":\"https:\/\/secure.gravatar.com\/avatar\/8919cf3f42b825f8e35d147e4b19e946172e07fc82a728c3934e79f4238a76b3?s=96&d=mm&r=g\",\"contentUrl\":\"https:\/\/secure.gravatar.com\/avatar\/8919cf3f42b825f8e35d147e4b19e946172e07fc82a728c3934e79f4238a76b3?s=96&d=mm&r=g\",\"caption\":\"sl-wpressuser\"},\"sameAs\":[\"https:\/\/sl.ambaguinee.org\"],\"url\":\"https:\/\/sl.ambaguinee.org\/?author=1\"}]}<\/script>\n<!-- \/ Yoast SEO plugin. -->","yoast_head_json":{"title":"Premi\u00e8re r\u00e9union de la commission d\u2019\u00e9thique de la FGF : vers la suspension de Sory Doumbouya ? - Ambassade de Guin\u00e9e en Sierra L\u00e9one","robots":{"index":"index","follow":"follow","max-snippet":"max-snippet:-1","max-image-preview":"max-image-preview:large","max-video-preview":"max-video-preview:-1"},"canonical":"https:\/\/sl.ambaguinee.org\/?p=114300","og_locale":"fr_FR","og_type":"article","og_title":"Premi\u00e8re r\u00e9union de la commission d\u2019\u00e9thique de la FGF : vers la suspension de Sory Doumbouya ? - Ambassade de Guin\u00e9e en Sierra L\u00e9one","og_description":"CONAKRY- Apres des interpellations et des d\u00e9nonciations sur les violations flagrantes des statuts de la f\u00e9d\u00e9ration Guin\u00e9enne Guin\u00e9enne Football par le Pr\u00e9sident Sory Doumbouya, la commission d\u2019\u00e9thique s\u2019est enfin r\u00e9unie pour la premi\u00e8re fois ce jeudi. Une r\u00e9union tenue \u00e0 Conakry et qui avait pour unique ordre du jour, l\u2019analyse de l\u2019audio qui implique le &hellip;","og_url":"https:\/\/sl.ambaguinee.org\/?p=114300","og_site_name":"Ambassade de Guin\u00e9e en Sierra L\u00e9one","article_publisher":"https:\/\/www.facebook.com\/ambaguiparis","article_published_time":"2026-03-13T22:03:16+00:00","author":"sl-wpressuser","twitter_card":"summary_large_image","twitter_creator":"@AmbaGnFrPtIl","twitter_site":"@AmbaGnFrPtIl","twitter_misc":{"\u00c9crit par":"sl-wpressuser","Dur\u00e9e de lecture estim\u00e9e":"1 minute"},"schema":{"@context":"https:\/\/schema.org","@graph":[{"@type":"Article","@id":"https:\/\/sl.ambaguinee.org\/?p=114300#article","isPartOf":{"@id":"https:\/\/sl.ambaguinee.org\/?p=114300"},"author":{"name":"sl-wpressuser","@id":"https:\/\/sl.ambaguinee.org\/#\/schema\/person\/1146b0d060c263267a3d87e0264e433d"},"headline":"Premi\u00e8re r\u00e9union de la commission d\u2019\u00e9thique de la FGF : vers la suspension de Sory Doumbouya ?","datePublished":"2026-03-13T22:03:16+00:00","dateModified":"2026-03-13T22:03:16+00:00","mainEntityOfPage":{"@id":"https:\/\/sl.ambaguinee.org\/?p=114300"},"wordCount":218,"publisher":{"@id":"https:\/\/sl.ambaguinee.org\/#organization"},"articleSection":["Sports"],"inLanguage":"fr-FR"},{"@type":"WebPage","@id":"https:\/\/sl.ambaguinee.org\/?p=114300","url":"https:\/\/sl.ambaguinee.org\/?p=114300","name":"Premi\u00e8re r\u00e9union de la commission d\u2019\u00e9thique de la FGF : vers la suspension de Sory Doumbouya ? - Ambassade de Guin\u00e9e en Sierra L\u00e9one","isPartOf":{"@id":"https:\/\/sl.ambaguinee.org\/#website"},"datePublished":"2026-03-13T22:03:16+00:00","dateModified":"2026-03-13T22:03:16+00:00","breadcrumb":{"@id":"https:\/\/sl.ambaguinee.org\/?p=114300#breadcrumb"},"inLanguage":"fr-FR","potentialAction":[{"@type":"ReadAction","target":["https:\/\/sl.ambaguinee.org\/?p=114300"]}]},{"@type":"BreadcrumbList","@id":"https:\/\/sl.ambaguinee.org\/?p=114300#breadcrumb","itemListElement":[{"@type":"ListItem","position":1,"name":"Accueil","item":"https:\/\/sl.ambaguinee.org\/"},{"@type":"ListItem","position":2,"name":"Premi\u00e8re r\u00e9union de la commission d\u2019\u00e9thique de la FGF : vers la suspension de Sory Doumbouya ?"}]},{"@type":"WebSite","@id":"https:\/\/sl.ambaguinee.org\/#website","url":"https:\/\/sl.ambaguinee.org\/","name":"Ambassade de Guin\u00e9e en Sierra L\u00e9one","description":"Ambassade de Guin\u00e9e en Sierra L\u00e9one","publisher":{"@id":"https:\/\/sl.ambaguinee.org\/#organization"},"potentialAction":[{"@type":"SearchAction","target":{"@type":"EntryPoint","urlTemplate":"https:\/\/sl.ambaguinee.org\/?s={search_term_string}"},"query-input":"required name=search_term_string"}],"inLanguage":"fr-FR"},{"@type":"Organization","@id":"https:\/\/sl.ambaguinee.org\/#organization","name":"Ambassade de la R\u00e9publique Guin\u00e9e en France","url":"https:\/\/sl.ambaguinee.org\/","logo":{"@type":"ImageObject","inLanguage":"fr-FR","@id":"https:\/\/sl.ambaguinee.org\/#\/schema\/logo\/image\/","url":"https:\/\/sl.ambaguinee.org\/wp-content\/uploads\/2024\/06\/Logo-devise-Guinee-miniature.png","contentUrl":"https:\/\/sl.ambaguinee.org\/wp-content\/uploads\/2024\/06\/Logo-devise-Guinee-miniature.png","width":170,"height":200,"caption":"Ambassade de la R\u00e9publique Guin\u00e9e en France"},"image":{"@id":"https:\/\/sl.ambaguinee.org\/#\/schema\/logo\/image\/"},"sameAs":["https:\/\/www.facebook.com\/ambaguiparis","https:\/\/twitter.com\/AmbaGnFrPtIl"]},{"@type":"Person","@id":"https:\/\/sl.ambaguinee.org\/#\/schema\/person\/1146b0d060c263267a3d87e0264e433d","name":"sl-wpressuser","image":{"@type":"ImageObject","inLanguage":"fr-FR","@id":"https:\/\/sl.ambaguinee.org\/#\/schema\/person\/image\/","url":"https:\/\/secure.gravatar.com\/avatar\/8919cf3f42b825f8e35d147e4b19e946172e07fc82a728c3934e79f4238a76b3?s=96&d=mm&r=g","contentUrl":"https:\/\/secure.gravatar.com\/avatar\/8919cf3f42b825f8e35d147e4b19e946172e07fc82a728c3934e79f4238a76b3?s=96&d=mm&r=g","caption":"sl-wpressuser"},"sameAs":["https:\/\/sl.ambaguinee.org"],"url":"https:\/\/sl.ambaguinee.org\/?author=1"}]}},"_links":{"self":[{"href":"https:\/\/sl.ambaguinee.org\/index.php?rest_route=\/wp\/v2\/posts\/114300","targetHints":{"allow":["GET"]}}],"collection":[{"href":"https:\/\/sl.ambaguinee.org\/index.php?rest_route=\/wp\/v2\/posts"}],"about":[{"href":"https:\/\/sl.ambaguinee.org\/index.php?rest_route=\/wp\/v2\/types\/post"}],"author":[{"embeddable":true,"href":"https:\/\/sl.ambaguinee.org\/index.php?rest_route=\/wp\/v2\/users\/1"}],"replies":[{"embeddable":true,"href":"https:\/\/sl.ambaguinee.org\/index.php?rest_route=%2Fwp%2Fv2%2Fcomments&post=114300"}],"version-history":[{"count":0,"href":"https:\/\/sl.ambaguinee.org\/index.php?rest_route=\/wp\/v2\/posts\/114300\/revisions"}],"wp:attachment":[{"href":"https:\/\/sl.ambaguinee.org\/index.php?rest_route=%2Fwp%2Fv2%2Fmedia&parent=114300"}],"wp:term":[{"taxonomy":"category","embeddable":true,"href":"https:\/\/sl.ambaguinee.org\/index.php?rest_route=%2Fwp%2Fv2%2Fcategories&post=114300"},{"taxonomy":"post_tag","embeddable":true,"href":"https:\/\/sl.ambaguinee.org\/index.php?rest_route=%2Fwp%2Fv2%2Ftags&post=114300"}],"curies":[{"name":"wp","href":"https:\/\/api.w.org\/{rel}","templated":true}]}}